{"id":3632,"date":"2025-10-26T04:15:10","date_gmt":"2025-10-26T04:15:10","guid":{"rendered":"https:\/\/www.managero.ro\/articles\/?p=3632"},"modified":"2025-10-26T04:15:10","modified_gmt":"2025-10-26T04:15:10","slug":"cand-simti-ca-esti-luat-de-prost","status":"publish","type":"post","link":"https:\/\/www.managero.ro\/articles\/cand-simti-ca-esti-luat-de-prost\/","title":{"rendered":"C\u00e2nd sim\u021bi c\u0103 e\u0219ti luat de prost&#8230;"},"content":{"rendered":"<p>\u0218tiu mai mul\u021bi oameni boga\u021bi, \u0219i de business \u0219i politicieni deopotriv\u0103, care pl\u0103tesc pe unii \u0219i pe al\u021bii ca s\u0103 le construiasc\u0103 \u0219i s\u0103 le \u00eentre\u021bin\u0103 un brand personal. Foarte bine p\u00e2n\u0103 aici, fiindc\u0103 brandul personal e una dintre cele mai rentabile investi\u021bii \u00een dezvoltarea ta. \u0218i nu doar cu jobul \u0219i obiectivele profesionale.<\/p>\n<p>Numai c\u0103, pentru a \u0219ti ce consultant pe brand personal s\u0103-\u021bi angajezi, trebuie s\u0103 \u0219tii tu \u00eensu\u021bi c\u00e2te ceva despre acest subiect. C\u0103 altfel, nu numai c\u0103 ri\u0219ti s\u0103 dai banii degeaba, ci&#8230;<\/p>\n<p>Aproape to\u021bi \u00ee\u0219i angajeaz\u0103 consultan\u021bi care vin din zona de marketing \u0219i de PR. E normal, e logic s\u0103 fie astfel, pentru c\u0103 brandul personal \u0219i cel corporatist se construiesc la fel, principiile \u0219i mecanismele generale sunt identice. \u0218i, prin urmare, speciali\u0219tii \u00een marketing corporate \u0219i de produs au cele mai mari \u0219anse s\u0103 devin\u0103 \u0219i buni speciali\u0219ti \u00een brand personal.<\/p>\n<p>Dar, ca peste tot, micile diferen\u021be fac diferen\u021ba \ud83d\ude0a. A\u0219a c\u0103, \u00eenainte de a b\u0103ga m\u00e2na \u00een buzunar, br\u0103nduitul \u00eensu\u0219i ar fi bine s\u0103 le cunoasc\u0103, pentru a \u0219ti ce consultant s\u0103-\u0219i aleag\u0103.<\/p>\n<p>De departe, cea mai mare \u0219i mai des \u00eent\u00e2lnit\u0103 problem\u0103 la pl\u0103titorii de brand personal este c\u0103 se vede instantaneu, de la o po\u0219t\u0103, c\u0103 e o campanie programat\u0103 \u0219i pl\u0103tit\u0103. Or, asta anuleaz\u0103 aproape toate efectele \u0219i beneficiile. R\u0103m\u00e2ne doar notorietatea, bazat\u0103 pe expunerea repetat\u0103. Ceea ce se poate face \u0219i cu bani mai pu\u021bini \u2013 fie vorba \u00eentre noi&#8230;<\/p>\n<p>Fiindc\u0103 da, asta e una dintre diferen\u021bele-cheie fa\u021b\u0103 de marketingul de produs! Instinctiv, marea, marea majoritate a destinatarilor acestor mesaje nu citesc un astfel de text c\u00e2nd realizeaz\u0103 c\u0103 este fabricat \u0219i \u0219tiu care este inten\u021bia. Ca s\u0103 nu mai spun c\u0103 pe unii chiar \u00eei irit\u0103 c\u0103 sunt \u201elua\u021bi de pro\u0219ti\u201d&#8230;<\/p>\n","protected":false},"excerpt":{"rendered":"<p>\u0218tiu mai mul\u021bi oameni boga\u021bi, \u0219i de business \u0219i politicieni deopotriv\u0103, care pl\u0103tesc pe unii \u0219i pe al\u021bii ca s\u0103 le construiasc\u0103 \u0219i s\u0103 le \u00eentre\u021bin\u0103 un brand personal. Foarte bine p\u00e2n\u0103 aici, fiindc\u0103 brandul personal e una dintre cele mai rentabile investi\u021bii \u00een dezvoltarea ta. \u0218i nu doar cu jobul \u0219i obiectivele profesionale. Numai [&hellip;]<\/p>\n","protected":false},"author":3,"featured_media":0,"comment_status":"open","ping_status":"open","sticky":false,"template":"","format":"standard","meta":{"_acf_changed":false,"footnotes":""},"categories":[1335],"tags":[],"yst_prominent_words":[374,312,678,1230],"class_list":["post-3632","post","type-post","status-publish","format-standard","hentry","category-brandul-personal"],"acf":{"cc_filter":[],"poza_fixa":"https:\/\/www.managero.ro\/articles\/wp-content\/uploads\/2021\/04\/Eticheta-corporatista-.jpg","url_poza_fixa":"","format_poza_fixa":"full-img-4-3","oras":"","sector":"","zona":"","in_strainatate":false,"pian":false,"orga":false,"data1":1761458739,"data2":"","afiseaza_data_post":false,"acf_sala":"","centru_cultural":"","articole_parinte":"","articole_relationate":"","coordonate":false,"tab1_nume":"Despre","tab3":false,"tab5":false,"tab4":false},"yoast_head":"<!-- This site is optimized with the Yoast SEO Premium plugin v14.2 - https:\/\/yoast.com\/wordpress\/plugins\/seo\/ -->\n<meta name=\"description\" content=\"E normal, e logic s\u0103 fie astfel, pentru c\u0103 brandul personal \u0219i cel corporatist se construiesc la fel, principiile \u0219i mecanismele generale sunt identice.\" \/>\n<meta name=\"robots\" content=\"index, follow\" \/>\n<meta name=\"googlebot\" content=\"index, follow, max-snippet:-1, max-image-preview:large, max-video-preview:-1\" \/>\n<meta name=\"bingbot\" content=\"index, follow, max-snippet:-1, max-image-preview:large, max-video-preview:-1\" \/>\n<link rel=\"canonical\" href=\"https:\/\/www.managero.ro\/articles\/cand-simti-ca-esti-luat-de-prost\/\" \/>\n<meta property=\"og:locale\" content=\"en_US\" \/>\n<meta property=\"og:type\" content=\"article\" \/>\n<meta property=\"og:title\" content=\"C\u00e2nd sim\u021bi c\u0103 e\u0219ti luat de prost... - Managero\" \/>\n<meta property=\"og:description\" content=\"E normal, e logic s\u0103 fie astfel, pentru c\u0103 brandul personal \u0219i cel corporatist se construiesc la fel, principiile \u0219i mecanismele generale sunt identice.\" \/>\n<meta property=\"og:url\" content=\"https:\/\/www.managero.ro\/articles\/cand-simti-ca-esti-luat-de-prost\/\" \/>\n<meta property=\"og:site_name\" content=\"Managero\" \/>\n<meta property=\"article:published_time\" content=\"2025-10-26T04:15:10+00:00\" \/>\n<meta property=\"og:image\" content=\"https:\/\/www.managero.ro\/articles\/wp-content\/uploads\/2021\/04\/Eticheta-corporatista-.jpg\" \/>\n\t<meta property=\"og:image:width\" content=\"858\" \/>\n\t<meta property=\"og:image:height\" content=\"536\" \/>\n<meta name=\"twitter:card\" content=\"summary_large_image\" \/>\n<script type=\"application\/ld+json\" class=\"yoast-schema-graph\">{\"@context\":\"https:\/\/schema.org\",\"@graph\":[{\"@type\":\"WebSite\",\"@id\":\"https:\/\/www.managero.ro\/articles\/#website\",\"url\":\"https:\/\/www.managero.ro\/articles\/\",\"name\":\"Managero\",\"description\":\"Online Management Recruitment\",\"potentialAction\":[{\"@type\":\"SearchAction\",\"target\":\"https:\/\/www.managero.ro\/articles\/?s={search_term_string}\",\"query-input\":\"required name=search_term_string\"}],\"inLanguage\":\"en-US\"},{\"@type\":\"WebPage\",\"@id\":\"https:\/\/www.managero.ro\/articles\/cand-simti-ca-esti-luat-de-prost\/#webpage\",\"url\":\"https:\/\/www.managero.ro\/articles\/cand-simti-ca-esti-luat-de-prost\/\",\"name\":\"C\\u00e2nd sim\\u021bi c\\u0103 e\\u0219ti luat de prost... - Managero\",\"isPartOf\":{\"@id\":\"https:\/\/www.managero.ro\/articles\/#website\"},\"datePublished\":\"2025-10-26T04:15:10+00:00\",\"dateModified\":\"2025-10-26T04:15:10+00:00\",\"author\":{\"@id\":\"https:\/\/www.managero.ro\/articles\/#\/schema\/person\/e9fb87189259feccc7ec8d3e553a551c\"},\"description\":\"E normal, e logic s\\u0103 fie astfel, pentru c\\u0103 brandul personal \\u0219i cel corporatist se construiesc la fel, principiile \\u0219i mecanismele generale sunt identice.\",\"inLanguage\":\"en-US\",\"potentialAction\":[{\"@type\":\"ReadAction\",\"target\":[\"https:\/\/www.managero.ro\/articles\/cand-simti-ca-esti-luat-de-prost\/\"]}]},{\"@type\":[\"Person\"],\"@id\":\"https:\/\/www.managero.ro\/articles\/#\/schema\/person\/e9fb87189259feccc7ec8d3e553a551c\",\"name\":\"George Butunoiu\",\"image\":{\"@type\":\"ImageObject\",\"@id\":\"https:\/\/www.managero.ro\/articles\/#personlogo\",\"inLanguage\":\"en-US\",\"url\":\"https:\/\/secure.gravatar.com\/avatar\/89c187ed2ae04eb93934b0547ec74260f4916e9e6d474dc9fc60e42c6f3533f1?s=96&d=mm&r=g\",\"caption\":\"George Butunoiu\"}}]}<\/script>\n<!-- \/ Yoast SEO Premium plugin. -->","_links":{"self":[{"href":"https:\/\/www.managero.ro\/articles\/wp-json\/wp\/v2\/posts\/3632","targetHints":{"allow":["GET"]}}],"collection":[{"href":"https:\/\/www.managero.ro\/articles\/wp-json\/wp\/v2\/posts"}],"about":[{"href":"https:\/\/www.managero.ro\/articles\/wp-json\/wp\/v2\/types\/post"}],"author":[{"embeddable":true,"href":"https:\/\/www.managero.ro\/articles\/wp-json\/wp\/v2\/users\/3"}],"replies":[{"embeddable":true,"href":"https:\/\/www.managero.ro\/articles\/wp-json\/wp\/v2\/comments?post=3632"}],"version-history":[{"count":1,"href":"https:\/\/www.managero.ro\/articles\/wp-json\/wp\/v2\/posts\/3632\/revisions"}],"predecessor-version":[{"id":3633,"href":"https:\/\/www.managero.ro\/articles\/wp-json\/wp\/v2\/posts\/3632\/revisions\/3633"}],"wp:attachment":[{"href":"https:\/\/www.managero.ro\/articles\/wp-json\/wp\/v2\/media?parent=3632"}],"wp:term":[{"taxonomy":"category","embeddable":true,"href":"https:\/\/www.managero.ro\/articles\/wp-json\/wp\/v2\/categories?post=3632"},{"taxonomy":"post_tag","embeddable":true,"href":"https:\/\/www.managero.ro\/articles\/wp-json\/wp\/v2\/tags?post=3632"},{"taxonomy":"yst_prominent_words","embeddable":true,"href":"https:\/\/www.managero.ro\/articles\/wp-json\/wp\/v2\/yst_prominent_words?post=3632"}],"curies":[{"name":"wp","href":"https:\/\/api.w.org\/{rel}","templated":true}]}}