{"id":3603,"date":"2025-09-14T04:23:38","date_gmt":"2025-09-14T04:23:38","guid":{"rendered":"https:\/\/www.managero.ro\/articles\/?p=3603"},"modified":"2025-09-14T04:38:21","modified_gmt":"2025-09-14T04:38:21","slug":"ce-va-spune-angajatorul-cand-ii-voi-povesti-asta","status":"publish","type":"post","link":"https:\/\/www.managero.ro\/articles\/ce-va-spune-angajatorul-cand-ii-voi-povesti-asta\/","title":{"rendered":"Ce va spune angajatorul c\u00e2nd \u00eei voi povesti asta?"},"content":{"rendered":"<p>Sunt printre recrutorii care nu disociaz\u0103 \u201evia\u021ba personal\u0103\u201d a candida\u021bilor de cea profesional\u0103, \u0219i care se fere\u0219te de candida\u021bi cu dubl\u0103 personalitate sau dublu profil. Chiar dac\u0103 \u0219tiu bine c\u0103 pot exista \u0219i manageri buni \u0219i eficien\u021bi cu personalit\u0103\u021bi \u201enestandard\u201d, ciudate, duble, care reu\u0219esc s\u0103-\u0219i separe suficient de bine cele dou\u0103 \u201eroluri\u201d pe perioade lungi de timp. \u0218i, uneori, s\u0103 r\u0103m\u00e2n\u0103 secretul lor, ne\u0219tiut de nimeni, chiar pe toat\u0103 perioada \u00eentregii lor cariere profesionale.<\/p>\n<p>Sigur, pentru un manager poate fi chiar o performan\u021b\u0103 de apreciat \u0219i o calitate s\u0103 reu\u0219easc\u0103 o astfel de disociere f\u0103r\u0103 s\u0103 \u0219tie sau s\u0103 b\u0103nuiasc\u0103 nimeni, calitate ce e cu siguran\u021b\u0103 folositoare \u00een jobul de zi cu zi. Dar dac\u0103 nu reu\u0219e\u0219te, sau se \u00eent\u00e2mpl\u0103 ceva dincolo de controlul lui? C\u00e2\u021bi angajatori \u00ee\u0219i asum\u0103 acest risc? \u0218i, mai ales, pentru ce? Oricum, acestea sunt cazuri rarisime. \u0218i ce pot face eu ca recrutor \u00een aceast\u0103 situa\u021bie? \u0218ansele s\u0103 descoperi ceva relevant doar din interviuri \u0219i discu\u021bii sunt mici \u00een cazul managerilor vechi, versa\u021bi. \u0218i atunci e nevoie de alte investiga\u021bii, lungi \u0219i costisitoare.<\/p>\n<p>\u00centrebare: merit\u0103 aceste eforturi \u0219i costuri suplimentare? C\u00e2nd dau de un astfel de caz, \u00eel \u00eentreb \u00eentotdeauna pe angajator, pentru c\u0103 el pl\u0103te\u0219te. \u0218i el zice invariabil NU. De 30+ de ani de c\u00e2nd recrutez, nu am avut nici m\u0103car un singur client care s\u0103 \u00eemi cear\u0103 s\u0103 merg mai departe cu un astfel de candidat. \u0218i nu din cauza banilor, ci a incertitudinilor \u0219i riscurilor pe care le pot aduce \u201eb\u0103garea lui \u00een cas\u0103\u201d. Sunt clien\u021bii mei \u2013 angajatorii, adic\u0103 \u2013 diferi\u021bi de cei ai altor recrutori? Foarte probabil c\u0103 nu. E bine s\u0103 \u0219ti\u021bi asta, a\u0219adar, \u00een caz c\u0103 ave\u021bi dou\u0103 profiluri, unul \u201eacas\u0103\u201d \u0219i altul \u201dla servici\u201d.<\/p>\n<p>Manager cu CV bun, \u00ee\u0219i caut\u0103 un nou job. Spre 40, familie, copil aproape de liceu. \u00ce\u0219i las\u0103 jobul pentru c\u0103 nu au vrut s\u0103-i dea un concediu f\u0103r\u0103 plat\u0103 3 sau 4 luni, c\u00e2t a cerut. Ia o bun\u0103 parte din banii familiei \u0219i pleac\u0103 \u00een America de Sud la ni\u0219te programe de nutri\u021bie \u0219i de integrare despre care a citit pe Internet. Organizate de un \u0219aman rom\u00e2n. Da, rom\u00e2n! Dup\u0103 o lun\u0103 se \u00eentoarce otr\u0103vit. Ia un \u00eemprumut de la banc\u0103 \u0219i se trateaz\u0103 \u00een str\u0103in\u0103tate aproape dou\u0103 luni. Femeia pl\u00e2nge c\u00e2nd nu o vede copilul. Fac zilnic socoteli cu ce pot s\u0103 mai economiseasc\u0103. Nu el mi-a zis asta, desigur, ci altcineva.<\/p>\n<p>Alt\u0103 \u00eentrebare, acum, de final: ce a\u021bi face \u00een locul meu cu acest candidat cu CV foarte bun? Ce va spune angajatorul c\u00e2nd \u00eel voi \u00eentreba \u0219i pe el?<\/p>\n","protected":false},"excerpt":{"rendered":"<p>Sunt printre recrutorii care nu disociaz\u0103 \u201evia\u021ba personal\u0103\u201d a candida\u021bilor de cea profesional\u0103, \u0219i care se fere\u0219te de candida\u021bi cu dubl\u0103 personalitate sau dublu profil. Chiar dac\u0103 \u0219tiu bine c\u0103 pot exista \u0219i manageri buni \u0219i eficien\u021bi cu personalit\u0103\u021bi \u201enestandard\u201d, ciudate, duble, care reu\u0219esc s\u0103-\u0219i separe suficient de bine cele dou\u0103 \u201eroluri\u201d pe perioade lungi [&hellip;]<\/p>\n","protected":false},"author":3,"featured_media":0,"comment_status":"open","ping_status":"open","sticky":false,"template":"","format":"standard","meta":{"_acf_changed":false,"footnotes":""},"categories":[1299],"tags":[],"yst_prominent_words":[1139,615,1161,386,492,414,317,405,314,441,312,431,403,376,308],"class_list":["post-3603","post","type-post","status-publish","format-standard","hentry","category-discriminare"],"acf":{"cc_filter":[],"poza_fixa":"https:\/\/www.managero.ro\/articles\/wp-content\/uploads\/2025\/09\/Samanul-roman.jpg","url_poza_fixa":"","format_poza_fixa":"full-img-4-3","oras":"","sector":"","zona":"","in_strainatate":false,"pian":false,"orga":false,"data1":1757834109,"data2":"","afiseaza_data_post":false,"acf_sala":"","centru_cultural":"","articole_parinte":"","articole_relationate":"","coordonate":false,"tab1_nume":"Despre","tab3":false,"tab5":false,"tab4":false},"yoast_head":"<!-- This site is optimized with the Yoast SEO Premium plugin v14.2 - https:\/\/yoast.com\/wordpress\/plugins\/seo\/ -->\n<meta name=\"description\" content=\"Manager cu CV bun. Spre 40, familie, copil aproape de liceu. Ia o bun\u0103 parte din banii familiei \u0219i pleac\u0103 \u00een America de Sud la ni\u0219te programe de nutri\u021bie\" \/>\n<meta name=\"robots\" content=\"index, follow\" \/>\n<meta name=\"googlebot\" content=\"index, follow, max-snippet:-1, max-image-preview:large, max-video-preview:-1\" \/>\n<meta name=\"bingbot\" content=\"index, follow, max-snippet:-1, max-image-preview:large, max-video-preview:-1\" \/>\n<link rel=\"canonical\" href=\"https:\/\/www.managero.ro\/articles\/ce-va-spune-angajatorul-cand-ii-voi-povesti-asta\/\" \/>\n<meta property=\"og:locale\" content=\"en_US\" \/>\n<meta property=\"og:type\" content=\"article\" \/>\n<meta property=\"og:title\" content=\"Ce va spune angajatorul c\u00e2nd \u00eei voi povesti asta? - Managero\" \/>\n<meta property=\"og:description\" content=\"Manager cu CV bun, \u00ee\u0219i caut\u0103 un nou job. Spre 40, familie, copil aproape de liceu. \u00ce\u0219i las\u0103 jobul pentru c\u0103 nu au vrut s\u0103-i dea un concediu f\u0103r\u0103 plat\u0103 3 sau 4 luni, c\u00e2t a cerut. Ia o bun\u0103 parte din banii familiei \u0219i pleac\u0103 \u00een America de Sud la ni\u0219te programe de nutri\u021bie \u0219i de integrare despre care a citit pe Internet.\" \/>\n<meta property=\"og:url\" content=\"https:\/\/www.managero.ro\/articles\/ce-va-spune-angajatorul-cand-ii-voi-povesti-asta\/\" \/>\n<meta property=\"og:site_name\" content=\"Managero\" \/>\n<meta property=\"article:published_time\" content=\"2025-09-14T04:23:38+00:00\" \/>\n<meta property=\"article:modified_time\" content=\"2025-09-14T04:38:21+00:00\" \/>\n<meta property=\"og:image\" content=\"https:\/\/www.managero.ro\/articles\/wp-content\/uploads\/2025\/09\/Samanul-roman.jpg\" \/>\n\t<meta property=\"og:image:width\" content=\"1024\" \/>\n\t<meta property=\"og:image:height\" content=\"682\" \/>\n<meta name=\"twitter:card\" content=\"summary_large_image\" \/>\n<script type=\"application\/ld+json\" class=\"yoast-schema-graph\">{\"@context\":\"https:\/\/schema.org\",\"@graph\":[{\"@type\":\"WebSite\",\"@id\":\"https:\/\/www.managero.ro\/articles\/#website\",\"url\":\"https:\/\/www.managero.ro\/articles\/\",\"name\":\"Managero\",\"description\":\"Online Management Recruitment\",\"potentialAction\":[{\"@type\":\"SearchAction\",\"target\":\"https:\/\/www.managero.ro\/articles\/?s={search_term_string}\",\"query-input\":\"required name=search_term_string\"}],\"inLanguage\":\"en-US\"},{\"@type\":\"WebPage\",\"@id\":\"https:\/\/www.managero.ro\/articles\/ce-va-spune-angajatorul-cand-ii-voi-povesti-asta\/#webpage\",\"url\":\"https:\/\/www.managero.ro\/articles\/ce-va-spune-angajatorul-cand-ii-voi-povesti-asta\/\",\"name\":\"Ce va spune angajatorul c\\u00e2nd \\u00eei voi povesti asta? - Managero\",\"isPartOf\":{\"@id\":\"https:\/\/www.managero.ro\/articles\/#website\"},\"datePublished\":\"2025-09-14T04:23:38+00:00\",\"dateModified\":\"2025-09-14T04:38:21+00:00\",\"author\":{\"@id\":\"https:\/\/www.managero.ro\/articles\/#\/schema\/person\/e9fb87189259feccc7ec8d3e553a551c\"},\"description\":\"Manager cu CV bun. Spre 40, familie, copil aproape de liceu. Ia o bun\\u0103 parte din banii familiei \\u0219i pleac\\u0103 \\u00een America de Sud la ni\\u0219te programe de nutri\\u021bie\",\"inLanguage\":\"en-US\",\"potentialAction\":[{\"@type\":\"ReadAction\",\"target\":[\"https:\/\/www.managero.ro\/articles\/ce-va-spune-angajatorul-cand-ii-voi-povesti-asta\/\"]}]},{\"@type\":[\"Person\"],\"@id\":\"https:\/\/www.managero.ro\/articles\/#\/schema\/person\/e9fb87189259feccc7ec8d3e553a551c\",\"name\":\"George Butunoiu\",\"image\":{\"@type\":\"ImageObject\",\"@id\":\"https:\/\/www.managero.ro\/articles\/#personlogo\",\"inLanguage\":\"en-US\",\"url\":\"https:\/\/secure.gravatar.com\/avatar\/89c187ed2ae04eb93934b0547ec74260f4916e9e6d474dc9fc60e42c6f3533f1?s=96&d=mm&r=g\",\"caption\":\"George Butunoiu\"}}]}<\/script>\n<!-- \/ Yoast SEO Premium plugin. -->","_links":{"self":[{"href":"https:\/\/www.managero.ro\/articles\/wp-json\/wp\/v2\/posts\/3603","targetHints":{"allow":["GET"]}}],"collection":[{"href":"https:\/\/www.managero.ro\/articles\/wp-json\/wp\/v2\/posts"}],"about":[{"href":"https:\/\/www.managero.ro\/articles\/wp-json\/wp\/v2\/types\/post"}],"author":[{"embeddable":true,"href":"https:\/\/www.managero.ro\/articles\/wp-json\/wp\/v2\/users\/3"}],"replies":[{"embeddable":true,"href":"https:\/\/www.managero.ro\/articles\/wp-json\/wp\/v2\/comments?post=3603"}],"version-history":[{"count":2,"href":"https:\/\/www.managero.ro\/articles\/wp-json\/wp\/v2\/posts\/3603\/revisions"}],"predecessor-version":[{"id":3606,"href":"https:\/\/www.managero.ro\/articles\/wp-json\/wp\/v2\/posts\/3603\/revisions\/3606"}],"wp:attachment":[{"href":"https:\/\/www.managero.ro\/articles\/wp-json\/wp\/v2\/media?parent=3603"}],"wp:term":[{"taxonomy":"category","embeddable":true,"href":"https:\/\/www.managero.ro\/articles\/wp-json\/wp\/v2\/categories?post=3603"},{"taxonomy":"post_tag","embeddable":true,"href":"https:\/\/www.managero.ro\/articles\/wp-json\/wp\/v2\/tags?post=3603"},{"taxonomy":"yst_prominent_words","embeddable":true,"href":"https:\/\/www.managero.ro\/articles\/wp-json\/wp\/v2\/yst_prominent_words?post=3603"}],"curies":[{"name":"wp","href":"https:\/\/api.w.org\/{rel}","templated":true}]}}