{"id":3514,"date":"2025-05-21T14:28:49","date_gmt":"2025-05-21T14:28:49","guid":{"rendered":"https:\/\/www.managero.ro\/articles\/?p=3514"},"modified":"2025-05-21T14:28:52","modified_gmt":"2025-05-21T14:28:52","slug":"sa-ne-gandim-sa-analizam-sa-ne-consultam-sa-chibzuim-sa-dezbatem-sa-deliberam-sa-asteptam","status":"publish","type":"post","link":"https:\/\/www.managero.ro\/articles\/sa-ne-gandim-sa-analizam-sa-ne-consultam-sa-chibzuim-sa-dezbatem-sa-deliberam-sa-asteptam\/","title":{"rendered":"S\u0103 ne g\u00e2ndim, s\u0103 analiz\u0103m, s\u0103 ne consult\u0103m, s\u0103 chibzuim, s\u0103 dezbatem, s\u0103 deliber\u0103m, s\u0103 a\u0219tept\u0103m&#8230;"},"content":{"rendered":"<p>Mul\u021bi dintre cei care citi\u021bi acum trebuie s\u0103 mul\u021bumi\u021bi de trei ori pe zi multina\u021bionalelor pentru ce a\u021bi ajuns \u0219i ce ave\u021bi. De\u0219i adesea uita\u021bi asta \u0219i veni\u021bi s\u0103 v\u0103 pl\u00e2nge\u021bi la mine c\u0103 nici multina\u021bionalele nu mai sunt ce au fost, c\u0103 nu mai \u0219tiu s\u0103 fac\u0103 business, c\u0103 nu credea\u021bi c\u0103 va veni at\u00e2t de repede ziua \u00een care ve\u021bi spune c\u0103 sunte\u021bi mai de\u0219tep\u021bi dec\u00e2t multina\u021bionalele alea.<\/p>\n<p>Textul \u0103sta e despre Nicu\u0219or Dan \u0219i despre Bolojan, dar citi\u021bi mai departe cum e cu multina\u021bionalele, mai \u00eent\u00e2i. A\u0219adar, mul\u021bi sunte\u021bi stupefia\u021bi c\u00e2nd multina\u021bionala la care lucra\u021bi v\u0103 spune c\u0103 nu vrea s\u0103 se abat\u0103 de la business-plan, chiar dac\u0103 v-a venit o idee genial\u0103, care le-ar aduce profituri uria\u0219e. Ei nu \u0219i nu, vor s\u0103 fac\u0103 exact profitul pe care \u0219i l-au planificat, niciun dolar mai mult; sau c\u00e2nd vine decizia c\u0103 de m\u00e2ine se \u00eenchide un business unit \u00een care au investit un purcoi de bani \u0219i va aduce \u0219i el profituri nemaiv\u0103zute; sau c\u00e2nd un nou \u0219ef \u00eei concediaz\u0103 pe jum\u0103tate dintre angaja\u021bii vechi \u0219i superprofesioni\u0219ti, \u0219i \u00eenc\u0103 nu \u0219ti\u021bi dac\u0103 \u0219i ce va pune \u00een locul lor.<\/p>\n<p>Urmeaz\u0103 \u0219i Nicu\u0219or Dan \u0219i Bolojan, mai ave\u021bi pu\u021bin\u0103 r\u0103bdare! S\u0103 nu ne pripim, strig\u0103 \u00een cor talibanii fundament\u0103rii universale! S\u0103 tragem aer \u00een piept, ne g\u00e2ndim, s\u0103 analiz\u0103m, s\u0103 ne consult\u0103m, s\u0103 chibzuim, s\u0103 dezbatem, s\u0103 deliber\u0103m, s\u0103 m\u0103sur\u0103m de zece ori \u0219i s\u0103 t\u0103iem o singur\u0103 dat\u0103, s\u0103 am\u00e2n\u0103m decizia p\u00e2n\u0103 o vom fundamenta \u00een a\u0219a fel \u00eenc\u00e2t nici peste o sut\u0103 de ani s\u0103 nu fie atacabil\u0103, s\u0103 mai a\u0219tept\u0103m p\u00e2n\u0103 ne vom convinge c\u0103 da, aceasta, \u0219i nu alta e cea mai bun\u0103 solu\u021bie dintre toate cele posibile, s\u0103 mai a\u0219tept\u0103m, s\u0103 vedem&#8230;<\/p>\n<p>Acum urmeaz\u0103 \u0219i Nicu\u0219or Dan \u0219i Bolojan: a\u0219adar, Nicu\u0219or Dan \u0219i Bolojan, dac\u0103 toate multina\u021bionalele alea fac a\u0219a, pute\u021bi face \u0219i voi, c\u0103 nu sunt \u0103ia din multina\u021bionale chiar at\u00e2t de pro\u0219ti pe c\u00e2t le par angaja\u021bilor c\u0103 sunt. Uneori e mai bine, poate, s\u0103 iei o decizie rapid \u0219i radical, dec\u00e2t s\u0103 o \u00eentorci pe toat\u0103 p\u0103r\u021bile, s\u0103 o pui \u00een dezbatere public\u0103, s\u0103 nu cumva s\u0103 ne pripim, s\u0103 ne g\u00e2ndim, s\u0103 analiz\u0103m, s\u0103 ne consult\u0103m, s\u0103 chibzuim, s\u0103 dezbatem, s\u0103 deliber\u0103m, s\u0103 m\u0103sur\u0103m de zece ori \u0219i s\u0103 t\u0103iem o singur\u0103 dat\u0103, s\u0103 am\u00e2n\u0103m decizia p\u00e2n\u0103 o vom fundamenta \u00een a\u0219a fel \u00eenc\u00e2t nici peste o sut\u0103 de ani s\u0103 nu fie atacabil\u0103, s\u0103 mai a\u0219tept\u0103m p\u00e2n\u0103 ne vom convinge c\u0103 da, aceasta, \u0219i nu alta e cea mai bun\u0103 solu\u021bie dintre toate cele posibile, \u0219i nici Curtea Constitu\u021bional\u0103 s\u0103 nu o poat\u0103 d\u0103r\u00e2ma, s\u0103 mai a\u0219tept\u0103m, s\u0103 vedem, s\u0103 a\u0219tept\u0103m, s\u0103 a\u0219tept\u0103m, s\u0103 a\u0219tept\u0103m, s\u0103 a\u0219tept\u0103m, s\u0103 a\u0219tept\u0103m, s\u0103 a\u0219tept\u0103m, s\u0103 a\u0219tept\u0103m, s\u0103 a\u0219tept\u0103m, s\u0103 a\u0219tept\u0103m, s\u0103 a\u0219tept\u0103m, s\u0103 a\u0219tept\u0103m, s\u0103 a\u0219tept\u0103m&#8230;<\/p>\n","protected":false},"excerpt":{"rendered":"<p>Mul\u021bi dintre cei care citi\u021bi acum trebuie s\u0103 mul\u021bumi\u021bi de trei ori pe zi multina\u021bionalelor pentru ce a\u021bi ajuns \u0219i ce ave\u021bi. De\u0219i adesea uita\u021bi asta \u0219i veni\u021bi s\u0103 v\u0103 pl\u00e2nge\u021bi la mine c\u0103 nici multina\u021bionalele nu mai sunt ce au fost, c\u0103 nu mai \u0219tiu s\u0103 fac\u0103 business, c\u0103 nu credea\u021bi c\u0103 va veni [&hellip;]<\/p>\n","protected":false},"author":3,"featured_media":0,"comment_status":"open","ping_status":"open","sticky":false,"template":"","format":"standard","meta":{"_acf_changed":false,"footnotes":""},"categories":[1313],"tags":[],"yst_prominent_words":[],"class_list":["post-3514","post","type-post","status-publish","format-standard","hentry","category-piata-muncii"],"acf":{"cc_filter":[],"poza_fixa":"https:\/\/www.managero.ro\/articles\/wp-content\/uploads\/2025\/05\/Sa-ne-gandin-si-sa-analizam.jpg","url_poza_fixa":"","format_poza_fixa":"full-img-4-3","oras":"","sector":"","zona":"","in_strainatate":false,"pian":false,"orga":false,"data1":1747848224,"data2":"","afiseaza_data_post":false,"acf_sala":"","centru_cultural":"","articole_parinte":"","articole_relationate":"","coordonate":false,"tab1_nume":"Despre","tab3":false,"tab5":false,"tab4":false},"yoast_head":"<!-- This site is optimized with the Yoast SEO Premium plugin v14.2 - https:\/\/yoast.com\/wordpress\/plugins\/seo\/ -->\n<meta name=\"description\" content=\"Mul\u021bi dintre cei care citi\u021bi acum trebuie s\u0103 mul\u021bumi\u021bi de trei ori pe zi multina\u021bionalelor pentru ce a\u021bi ajuns \u0219i ce ave\u021bi. De\u0219i adesea uita\u021bi asta\" \/>\n<meta name=\"robots\" content=\"index, follow\" \/>\n<meta name=\"googlebot\" content=\"index, follow, max-snippet:-1, max-image-preview:large, max-video-preview:-1\" \/>\n<meta name=\"bingbot\" content=\"index, follow, max-snippet:-1, max-image-preview:large, max-video-preview:-1\" \/>\n<link rel=\"canonical\" href=\"https:\/\/www.managero.ro\/articles\/sa-ne-gandim-sa-analizam-sa-ne-consultam-sa-chibzuim-sa-dezbatem-sa-deliberam-sa-asteptam\/\" \/>\n<meta property=\"og:locale\" content=\"en_US\" \/>\n<meta property=\"og:type\" content=\"article\" \/>\n<meta property=\"og:title\" content=\"S\u0103 ne g\u00e2ndim, s\u0103 analiz\u0103m, s\u0103 ne consult\u0103m, s\u0103 chibzuim, s\u0103 dezbatem, s\u0103 deliber\u0103m, s\u0103 a\u0219tept\u0103m...\" \/>\n<meta property=\"og:description\" content=\"Mul\u021bi dintre cei care citi\u021bi acum trebuie s\u0103 mul\u021bumi\u021bi de trei ori pe zi multina\u021bionalelor pentru ce a\u021bi ajuns \u0219i ce ave\u021bi. De\u0219i adesea uita\u021bi asta \u0219i veni\u021bi s\u0103 v\u0103 pl\u00e2nge\u021bi la mine c\u0103 nici multina\u021bionalele nu mai sunt ce au fost\" \/>\n<meta property=\"og:url\" content=\"https:\/\/www.managero.ro\/articles\/sa-ne-gandim-sa-analizam-sa-ne-consultam-sa-chibzuim-sa-dezbatem-sa-deliberam-sa-asteptam\/\" \/>\n<meta property=\"og:site_name\" content=\"Managero\" \/>\n<meta property=\"article:published_time\" content=\"2025-05-21T14:28:49+00:00\" \/>\n<meta property=\"article:modified_time\" content=\"2025-05-21T14:28:52+00:00\" \/>\n<meta property=\"og:image\" content=\"https:\/\/www.managero.ro\/articles\/wp-content\/uploads\/2025\/05\/Sa-ne-gandin-si-sa-analizam.jpg\" \/>\n\t<meta property=\"og:image:width\" content=\"1024\" \/>\n\t<meta property=\"og:image:height\" content=\"682\" \/>\n<meta name=\"twitter:card\" content=\"summary_large_image\" \/>\n<script type=\"application\/ld+json\" class=\"yoast-schema-graph\">{\"@context\":\"https:\/\/schema.org\",\"@graph\":[{\"@type\":\"WebSite\",\"@id\":\"https:\/\/www.managero.ro\/articles\/#website\",\"url\":\"https:\/\/www.managero.ro\/articles\/\",\"name\":\"Managero\",\"description\":\"Online Management Recruitment\",\"potentialAction\":[{\"@type\":\"SearchAction\",\"target\":\"https:\/\/www.managero.ro\/articles\/?s={search_term_string}\",\"query-input\":\"required name=search_term_string\"}],\"inLanguage\":\"en-US\"},{\"@type\":\"WebPage\",\"@id\":\"https:\/\/www.managero.ro\/articles\/sa-ne-gandim-sa-analizam-sa-ne-consultam-sa-chibzuim-sa-dezbatem-sa-deliberam-sa-asteptam\/#webpage\",\"url\":\"https:\/\/www.managero.ro\/articles\/sa-ne-gandim-sa-analizam-sa-ne-consultam-sa-chibzuim-sa-dezbatem-sa-deliberam-sa-asteptam\/\",\"name\":\"S\\u0103 ne g\\u00e2ndim, s\\u0103 analiz\\u0103m, s\\u0103 ne consult\\u0103m, s\\u0103 chibzuim, s\\u0103 dezbatem, s\\u0103 deliber\\u0103m, s\\u0103 a\\u0219tept\\u0103m...\",\"isPartOf\":{\"@id\":\"https:\/\/www.managero.ro\/articles\/#website\"},\"datePublished\":\"2025-05-21T14:28:49+00:00\",\"dateModified\":\"2025-05-21T14:28:52+00:00\",\"author\":{\"@id\":\"https:\/\/www.managero.ro\/articles\/#\/schema\/person\/e9fb87189259feccc7ec8d3e553a551c\"},\"description\":\"Mul\\u021bi dintre cei care citi\\u021bi acum trebuie s\\u0103 mul\\u021bumi\\u021bi de trei ori pe zi multina\\u021bionalelor pentru ce a\\u021bi ajuns \\u0219i ce ave\\u021bi. De\\u0219i adesea uita\\u021bi asta\",\"inLanguage\":\"en-US\",\"potentialAction\":[{\"@type\":\"ReadAction\",\"target\":[\"https:\/\/www.managero.ro\/articles\/sa-ne-gandim-sa-analizam-sa-ne-consultam-sa-chibzuim-sa-dezbatem-sa-deliberam-sa-asteptam\/\"]}]},{\"@type\":[\"Person\"],\"@id\":\"https:\/\/www.managero.ro\/articles\/#\/schema\/person\/e9fb87189259feccc7ec8d3e553a551c\",\"name\":\"George Butunoiu\",\"image\":{\"@type\":\"ImageObject\",\"@id\":\"https:\/\/www.managero.ro\/articles\/#personlogo\",\"inLanguage\":\"en-US\",\"url\":\"https:\/\/secure.gravatar.com\/avatar\/89c187ed2ae04eb93934b0547ec74260f4916e9e6d474dc9fc60e42c6f3533f1?s=96&d=mm&r=g\",\"caption\":\"George Butunoiu\"}}]}<\/script>\n<!-- \/ Yoast SEO Premium plugin. -->","_links":{"self":[{"href":"https:\/\/www.managero.ro\/articles\/wp-json\/wp\/v2\/posts\/3514","targetHints":{"allow":["GET"]}}],"collection":[{"href":"https:\/\/www.managero.ro\/articles\/wp-json\/wp\/v2\/posts"}],"about":[{"href":"https:\/\/www.managero.ro\/articles\/wp-json\/wp\/v2\/types\/post"}],"author":[{"embeddable":true,"href":"https:\/\/www.managero.ro\/articles\/wp-json\/wp\/v2\/users\/3"}],"replies":[{"embeddable":true,"href":"https:\/\/www.managero.ro\/articles\/wp-json\/wp\/v2\/comments?post=3514"}],"version-history":[{"count":2,"href":"https:\/\/www.managero.ro\/articles\/wp-json\/wp\/v2\/posts\/3514\/revisions"}],"predecessor-version":[{"id":3517,"href":"https:\/\/www.managero.ro\/articles\/wp-json\/wp\/v2\/posts\/3514\/revisions\/3517"}],"wp:attachment":[{"href":"https:\/\/www.managero.ro\/articles\/wp-json\/wp\/v2\/media?parent=3514"}],"wp:term":[{"taxonomy":"category","embeddable":true,"href":"https:\/\/www.managero.ro\/articles\/wp-json\/wp\/v2\/categories?post=3514"},{"taxonomy":"post_tag","embeddable":true,"href":"https:\/\/www.managero.ro\/articles\/wp-json\/wp\/v2\/tags?post=3514"},{"taxonomy":"yst_prominent_words","embeddable":true,"href":"https:\/\/www.managero.ro\/articles\/wp-json\/wp\/v2\/yst_prominent_words?post=3514"}],"curies":[{"name":"wp","href":"https:\/\/api.w.org\/{rel}","templated":true}]}}