{"id":3475,"date":"2025-04-04T07:19:43","date_gmt":"2025-04-04T07:19:43","guid":{"rendered":"https:\/\/www.managero.ro\/articles\/?p=3475"},"modified":"2025-04-04T07:21:15","modified_gmt":"2025-04-04T07:21:15","slug":"cand-vedeti-ca-nimic-nu-merge-incercati-si-varianta-cuantica","status":"publish","type":"post","link":"https:\/\/www.managero.ro\/articles\/cand-vedeti-ca-nimic-nu-merge-incercati-si-varianta-cuantica\/","title":{"rendered":"C\u00e2nd vede\u021bi c\u0103 nimic nu merge, \u00eencerca\u021bi \u0219i varianta cuantic\u0103&#8230;"},"content":{"rendered":"<p>C\u00e2nd vede\u021bi c\u0103 nimic nu merge, poate \u00eencerca\u021bi \u0219i cursurile cuantice ale lui Vasile, detaliate mai jos:<\/p>\n<p>\ud83c\udd95 &amp; \ud83c\udd92<br \/>\n\u00ceMI PLACE FRECVEN\u021aA LA CARE VIBREZ ACUM?<br \/>\nSecrete, subtilit\u0103\u021bi \u0219i practici cuantice, necesare \u0219i suficiente, pentru a emite \u0219i a stabiliza SEMN\u0102TURA VIBRA\u021aIONAL\u0102 a realit\u0103\u021bii dorite<\/p>\n<p>\ud83d\udd06 6 sesiuni practice, pe zoom, care \u00eemi furnizeaz\u0103 un ANSAMBLU COERENT de \u201dingrediente relevante\u201d \u0219i de instrumente avansate, indispensabile \u00een Jocul Co-Crea\u021biei Con\u0219tiente \u0219i Inspirate<br \/>\n\ud83d\udd06 O perioad\u0103 de 6 s\u0103pt\u0103m\u00e2ni \u00een care deprind s\u0103 STABILIZEZ frecven\u021ba realit\u0103\u021bii alese prin \u201dpastile de \u00een\u021belegere\u201d \u0219i practici individuale ZILNICE<br \/>\n\ud83d\udd06 Un program prin care accesez un nivel nemaiatins de sim\u021bire interioar\u0103 \u0219i de PERSEVEREN\u021a\u0102, \u00eentr-un C\u00e2mp (Egregor) experimentat de SUS\u021aINERE<\/p>\n<p>I. DE UNDE PLEC\u0102M? \u2013 \u00ceN\u021aELEGEREA CONTEXTULUI<\/p>\n<p>\ud83d\udd06 \u00cendoiala, presupunerea, ra\u021bionamentul logic etc., sunt parte din condi\u021bion\u0103rile care mi-au limitat accesul la adev\u0103rata mea PUTERE DE MANIFESTARE \u2013 mediul prin care am trecut m-a \u201dprogramat\u201d s\u0103 m\u0103 a\u0219tept la \u00eent\u00eerzieri, e\u0219ecuri, reu\u0219ite par\u021biale. Am constatat c\u0103 orice \u00eent\u00e2rziere, am\u00e2nare sau nereu\u0219it\u0103 au ap\u0103rut atunci c\u00e2nd frecven\u021ba mea contrazicea FRECVEN\u021aA INTEN\u021aIEI MELE. Uneori, prin ceva voin\u021b\u0103, am for\u021bat realitatea s\u0103 m\u0103 asculte, dar am v\u0103zut c\u0103 acest mod de func\u021bionare mi-a adus \u0219i \u201dcosturi colaterale\u201d.<\/p>\n<p>\ud83d\udd06 Mult timp am crezut c\u0103 REALITATEA ESTE FIX\u0102, c\u0103 trebuie s\u0103 m\u0103 ADAPTEZ LA EA \u2013 au fost momente c\u00e2nd am r\u0103mas captiv \u00eentr-o realitate pu\u021bin convenabil\u0103 pentru c\u0103 am acceptat c\u0103 sunt doar un martor al ei -acum sunt tot mai con\u0219tient de \u201dmodul CREATOR\u201d, care este prezent \u00een Fiin\u021ba mea \u0219i exersez s\u0103 SUPRASCRIU CODIFICAREA din subcon\u0219tient (prin g\u00e2nduri \u0219i afirma\u021bii rostite con\u0219tient) \u0219i S\u0102 APRIND \u00een mine un MOD EFICIENT de crea\u021bie con\u0219tient\u0103 \u0219i dedicat\u0103.<\/p>\n<p>\ud83d\udd06 Aud din tot mai multe surse c\u0103 Universul nu r\u0103spunde la solicit\u0103rile mele, c\u0103 Universul r\u0103spunde, de fapt, la FRECVEN\u021aA mea! Asta \u00eenseamn\u0103 c\u0103 manifestarea facil\u0103 este despre alinierea mea vibra\u021bional\u0103 la versiunea unde ceea ce doresc este DEJA EXISTENT. Practic, \u00een loc s\u0103 m\u0103 focalizez pe ce doresc, m\u0103 focalizez pe CINE DEVIN. Proced\u00e2nd astfel, diminuez \/ colapsez timpul de a\u0219teptare din ecua\u021bia VIS + TIMP = MANIFESTARE.<\/p>\n<p>\ud83d\udd06 \u00cemi este foarte clar c\u0103 manifestarea nu este influen\u021bat\u0103 de c\u00e2t de mult \u00eemi doresc ceva, ci de c\u00e2t de bine \u00ceMI POTRIVESC FRECVEN\u021aA MEA LA FRECVEN\u021aA REALIT\u0102\u021aII DORITE \u2013 Universul r\u0103spunde la semn\u0103tura vibra\u021bional\u0103 pe care o emit &#8211; c\u00e2nd \u00eemi schimb frecven\u021ba, atunci nu mai urm\u0103resc realitatea ci REALITATEA M\u0102 URM\u0102RE\u0218TE &#8211; asta \u00eenseamn\u0103 RECALIBRARE PRIN REZONAN\u021a\u0102 &#8211; recalibrarea con\u0219tient\u0103 a frecven\u021bei mele este cheia manifest\u0103rii cuantice.<\/p>\n<p>II. CARE SUNT INTEN\u021aIILE ACESTUI PROGRAM PROFUND \u0218I PUTERNIC?<\/p>\n<p>\ud83d\udd06 Timp de 6 s\u0103pt\u0103m\u00e2ni integrez o \u201dHART\u0102\u201d cu informa\u021bii \u0219i cu practici care m\u0103 ajut\u0103 s\u0103 st\u0103p\u00e2nesc \u0219i s\u0103 men\u021bin frecven\u021ba realit\u0103\u021bii dorite! Deprind s\u0103 comand realitatea pe care o prefer, adic\u0103 s\u0103 TRANSMIT frecven\u021ba vibra\u021bional\u0103 exact\u0103 a realit\u0103\u021bii dorite, P\u00c2N\u0102 C\u00c2ND aceast\u0103 frecven\u021b\u0103 devine STAREA MEA DOMINANT\u0102. Renun\u021b la orice form\u0103 de a\u0219teptare \u0219i de speran\u021b\u0103 &#8211; renun\u021b la a lupta \u0219i a for\u021ba realitatea!<\/p>\n<p>\ud83d\udd06 \u00ceMI PLACE FRECVEN\u021aA LA CARE VIBREZ ACUM? \u2013 \u00eemi adresez aceast\u0103 \u00eentrebare de c\u00e2teva ori pe zi, dup\u0103 care \u00eemi imaginez \u0219i simt foarte intens frecven\u021ba realit\u0103\u021bii dorite \u2013 \u0219tiu c\u0103 atunci c\u00e2nd c\u00e2mpul meu se stabilizeaz\u0103 \u00een jurul acestei vibra\u021bii, realitatea se reorganizeaz\u0103 pentru a se potrivi la frecven\u021ba mea \u2013 astfel, prezentul nu are de ales dec\u00e2t s\u0103 se schimbe \u00een acord cu propria mea SEMNATUR\u0102 VIBRA\u021aIONAL\u0102.<\/p>\n<p>\ud83d\udd06 Pentru a evita alunecarea \u00een vechile frecven\u021be, m\u0103 men\u021bin \u00een \u201dmodul Creator\u201d \u0219i STABILIZEZ prin vizualizare \u0219i mers con\u0219tient frecven\u021ba vibra\u021bional\u0103 a realit\u0103\u021bii dorite \u2013 practic, trec de la acele \u201dmomente de speran\u021b\u0103\u201d, \u00een care am vizualizat doar sporadic dorin\u021bele, la a LOCUI \u00ceN FRECVEN\u021aA DORIT\u0102 \u0219i a men\u021bine, cu perseveren\u021b\u0103 \u0219i tandre\u021be, c\u00e2mpul vibra\u021bional \u00eentr-o stare fix\u0103.<\/p>\n<p>\ud83d\udd06 \u00cen toat\u0103 aceast\u0103 perioad\u0103 sunt con\u0219tient \u0219i nu mai permit circumstan\u021belor exterioare s\u0103-mi schimbe fecven\u021ba \u2013 cu aceast\u0103 atitudine, ancorez semn\u0103tura energetic\u0103 \u00eentr-o BUCL\u0102 DE AUTO-\u00ceNT\u0102RIRE, \u00een care experien\u021bele \u00eemi \u00eent\u0103resc rezonan\u021ba (\u00een loc s\u0103 o perturbe) \u0219i astfel c\u00e2mpul cuantic nu are de ales dec\u00e2t s\u0103 recunoasc\u0103 semn\u0103tura mea \u0219i s\u0103 se reorganizeze pentru a se potrivi cu ea.<\/p>\n<p>\ud83d\udd06 ZILNIC, voi utiliza con\u0219tient 2 momente (2 ferestre) de oportunitate, c\u00e2nd voalul dintre g\u00e2ndire \/ sim\u021bire \u0219i manifestare devine foarte sub\u021bire \u2013 \u00ceNAINTE DE CULCARE, pentru c\u00e2teva \u201dminute sacre\u201d, fac o SUPRA-SCRIERE NEURONAL\u0102, plas\u00e2nd \u00een subcon\u0219tient un \u201dG\u00c2ND SIM\u021aIT\u201d (tr\u0103iesc aceea stare ca \u0219i cum realitatea s-a \u201dfixat\u201d deja \u00een noua versiune, ca o profe\u021bie care se \u00eempline\u0219te) \u0219i IMEDIAT DUP\u0102 TREZIRE, \u00een primele 17 x 4 secunde, simt c\u0103 sunt \u00een realitatea pe care am programat-o de cu sear\u0103 &#8211; practic, m\u0103 decuplez de la continuitatea vechii realit\u0103\u021bi \u0219i dau un IMPULS NOU \u00een c\u00e2mp prin semn\u0103tura vibra\u021bional\u0103 pe care o emit.<\/p>\n<p>\ud83d\udd06 ATEN\u021aIE! Pentru c\u0103 \u00een\u021beleg c\u0103 sunt aici ca s\u0103 creez \u201dREALITATEA PE CARE VREA SURSA S\u0102 O TRANSMIT\u0102 PRIN MINE\u201d, o component\u0103 important\u0103 a acestui program este decuplarea de cunoscut \u0219i p\u0103trunderea \u00een Necunoscut, prin secven\u021be zilnice de 10-20 minute, \u00een care devin un CANAL DE RECEP\u021aIE la \u00eentrebarea: \u201dCare este INTEN\u021aIA SURSEI \u00een fiin\u021ba mea?\u201d sau, altfel spus, \u201dCe vrea DUMNEZEU s\u0103 transmit\u0103 prin mine \u0219i cum pot s\u0103-mi manifest Darurile \u00een beneficiul \u00ceNTREGULUI?\u201d.<\/p>\n<p>III. DETALII ORGANIZATORICE<\/p>\n<p>\ud83d\udd06 Acest program de \u00een\u021belegere \u0219i de exersare a puterii de \u201dMANIFESTARE CUANTIC\u0102\u201d, ofer\u0103 r\u0103spunsuri \u0219i solu\u021bii practice la aceste 6 \u00eentreb\u0103ri:<br \/>\n\ud83e\udde9 Cum str\u0103pung realitatea \u00een care m\u0103 mi\u0219c de ceva timp \u00een cerc?<br \/>\n\ud83e\udde9 Cum accesez frecven\u021ba care \u201doblig\u0103\u201d realitatea s\u0103 se reorganizeze?<br \/>\n\ud83e\udde9 Ce fac pentru a nu pierde frecven\u021ba realit\u0103\u021bii pe care o prefer?<br \/>\n\ud83e\udde9 Care este mecanica din spatele crea\u021biei con\u0219tiente \u0219i dedicate?<br \/>\n\ud83e\udde9 Care sunt ecua\u021biile fundamentale din jocul manifest\u0103rii?<br \/>\n\ud83e\udde9 Care este \u201dechiparea\u201d interioar\u0103 optim\u0103 pentru reu\u0219ite?<\/p>\n<p>\ud83d\udd06 \u00cen fiecare sear\u0103 de miercuri, timp de 6 s\u0103pt\u0103m\u00eeni (16, 23, 30 aprile + 7, 14, 21 mai), pe zoom, vom experimenta PRACTICI DE VIZUALIZARE \u0219i de SIM\u021aIRE, care amplific\u0103 COEREN\u021aA dintre inim\u0103, creier \u0219i celulele din corp \u0219i ne permit s\u0103 EMITEM semn\u0103tura vibra\u021bional\u0103 a realit\u0103\u021bii pe care o prefer\u0103m &#8211; cele 6 sesiuni \u00eencep la ora 20.30 \u0219i au durate \u00eentre 90 &#8211; 120 de minute.<\/p>\n<p>\ud83d\udd06 C\u00c2MPUL DE SUS\u021aINERE este cel mai important beneficiu al acestui program de 6 s\u0103pt\u0103m\u00e2ni \u2013 ZILNIC, pe grupul de whatsapp, vor fi postate at\u00e2t informa\u021bii relevante despre INSPIRA\u021aIE \u0218I MANIFESTARE, c\u00e2t \u0219i resursele \u0219i practicile individuale pentru s\u0103pt\u0103m\u00e2na \u00een curs \u2013 prezen\u021ba \u00een acest EGREGOR CON\u0218TIENT ofer\u0103 un plus vizibil de motiva\u021bie \u0219i de perseveren\u021b\u0103 \u00een a exersa zilnic tehnicile predate \u0219i a contempla fiecare \u201dpastil\u0103 de cunoa\u0219tere\u201d.<\/p>\n<p>\ud83d\udd06 \u00censcrierea \u00een program presupune trimiterea acestui mesaj: \u201dEu, &#8230;., \u00eemi dau voie s\u0103 exersez o nou\u0103 SEMN\u0102TUR\u0102 VIBRA\u021aIONAL\u0102!\u201d \u2013 trimite mesajul p\u00e2n\u0103 luni 14 aprile \u2013 ulterior vom purta o scurt\u0103 CONVERSA\u021aIE DESPRE INTEN\u021aII, \u00een cadrul c\u0103reia stabilim at\u00e2t valoarea personalizat\u0103 a INVESTI\u021aIEI tale \u00een acest program, c\u00e2t \u0219i modalitatea de plat\u0103 &#8211; diponibilitatea de a INSPIRA prezen\u021ba altor fiin\u021be \u00een program \u00ee\u021bi asigur\u0103 o reducere de 15% pentru fiecare fiin\u021b\u0103 pe care o inspiri.<\/p>\n<p>\ud83d\udd06 DE \u0218TIUT!!! Complementar acestui program, e\u0219ti binevenit(\u0103) \u0219i \u00een mini-retragerea de 1 mai din Bucegi, cu tema \u201dAMINTIRI DIN VIITOR\u201d \u2013 acolo vom avea posibilitatea s\u0103 ne decupl\u0103m, timp de 3 zile, de orice cunoscut, s\u0103 p\u0103trundem \u00een c\u00e2mpul cuantic prin PORTALUL din zon\u0103 \u0219i s\u0103 exers\u0103m practici avansate de \u201dSIM\u021aIRE DE HOLOGRAME\u201d \u2013 prezen\u021ba \u00een aceast\u0103 mini-retragere completeaz\u0103 \u0219i amplific\u0103 puterea programului de 6 s\u0103pt\u0103m\u00e2ni \u2013 practicile LIVE, \u00eentr-un EGREGOR CON\u0218TIENT, timp de 27 de ore, \u00een locuri sacre, sporesc vizibil PUTEREA de a emite \u0219i a stabiliza SEMN\u0102TURA VIBRA\u021aIONAL\u0102 a realit\u0103\u021bii dorite &#8211; mai sunt 9 camere disponibile \u2013 plata avansului se face p\u00e2n\u0103 pe 19 aprilie.<\/p>\n<p>IV. \u00ceN LOC DE CONCLUZII \u2013 O CHEMARE DIN INIM\u0102<\/p>\n<p>\ud83d\udd06 Ce stare transmi\u021bi acum \u00een c\u00e2mpul cuantic?<br \/>\n\ud83d\udd06 \u00ce\u021bi dai voie s\u0103 exersezi o nou\u0103 semn\u0103tur\u0103 vibra\u021bional\u0103?<br \/>\n\ud83d\udd06 \u00ce\u021bi dai voie s\u0103 eliberezi orice form\u0103 de ner\u0103bdare \u0219i de ne\u00eencredere \u0219i s\u0103 men\u021bi frecven\u021ba dorit\u0103?<br \/>\n\ud83d\udd06 \u00ce\u021bi dai voie s\u0103 STABILIZEZI frecven\u021ba realit\u0103\u021bii alese suficient de mult pentru ca aceasta s\u0103 se CRISTALIZEZE?<br \/>\n\ud83d\udd06 \u00ce\u021bi dai voie s\u0103 fi parte dintr-o comunitate de fiin\u021be care \u00ee\u0219i \u0219lefuiesc CAPACITATEA DE A MODIFICA REALITATEA individual\u0103 \u0219i colectiv\u0103 prin G\u00c2NDIRE \u0219i FRECVEN\u021a\u0102?<\/p>\n<p>\ud83d\udd06 E\u0219ti binevenit(\u0103) \u00een programul de 6 s\u0103pt\u0103m\u00e2ni \u0219i \/ sau la mini-retragerea de 1 Mai din Bucegi, unde con\u0219tientizezi c\u0103 doar prin focalizare \u0219i emo\u021bie coerent\u0103 po\u021bi genera EFECTE \u00ceN C\u00c2MPUL CUANTIC &#8211; fiecare g\u00e2nd pe care \u00eel men\u021bi este ENERGIE \u0219i fiecare sentiment pe care \u00eel sim\u021bi \u00een tot corpul este o FRECVEN\u021a\u0102 \u2013 vizualizeaz\u0103 cu inten\u021bie, simte ca \u0219i cum este deja real, men\u021bine acest\u0103 vibra\u021bie suficient de mult \u0219i realitatea curent\u0103 va colapsa pentru c\u0103 Universul raspunde la SEMNATURA TA.<\/p>\n<p>\u0218i a\u0219a este!<\/p>\n<p>Din inim\u0103, cu\u00a0bucurie,<br \/>\nVasile<\/p>\n","protected":false},"excerpt":{"rendered":"<p>C\u00e2nd vede\u021bi c\u0103 nimic nu merge, poate \u00eencerca\u021bi \u0219i cursurile cuantice ale lui Vasile, detaliate mai jos: \ud83c\udd95 &amp; \ud83c\udd92 \u00ceMI PLACE FRECVEN\u021aA LA CARE VIBREZ ACUM? Secrete, subtilit\u0103\u021bi \u0219i practici cuantice, necesare \u0219i suficiente, pentru a emite \u0219i a stabiliza SEMN\u0102TURA VIBRA\u021aIONAL\u0102 a realit\u0103\u021bii dorite \ud83d\udd06 6 sesiuni practice, pe zoom, care \u00eemi furnizeaz\u0103 [&hellip;]<\/p>\n","protected":false},"author":3,"featured_media":0,"comment_status":"open","ping_status":"open","sticky":false,"template":"","format":"standard","meta":{"_acf_changed":false,"footnotes":""},"categories":[1313],"tags":[],"yst_prominent_words":[386,317,419],"class_list":["post-3475","post","type-post","status-publish","format-standard","hentry","category-piata-muncii"],"acf":{"cc_filter":[],"poza_fixa":"https:\/\/www.managero.ro\/articles\/wp-content\/uploads\/2023\/12\/Ochiul-de-vultur-al-angajatorului.jpg","url_poza_fixa":"","format_poza_fixa":"full-img-4-3","oras":"","sector":"","zona":"","in_strainatate":false,"pian":false,"orga":false,"data1":1743761628,"data2":"","afiseaza_data_post":false,"acf_sala":"","centru_cultural":"","articole_parinte":"","articole_relationate":"","coordonate":false,"tab1_nume":"Despre","tab3":false,"tab5":false,"tab4":false},"yoast_head":"<!-- This site is optimized with the Yoast SEO Premium plugin v14.2 - https:\/\/yoast.com\/wordpress\/plugins\/seo\/ -->\n<meta name=\"robots\" content=\"index, follow\" \/>\n<meta name=\"googlebot\" content=\"index, follow, max-snippet:-1, max-image-preview:large, max-video-preview:-1\" \/>\n<meta name=\"bingbot\" content=\"index, follow, max-snippet:-1, max-image-preview:large, max-video-preview:-1\" \/>\n<link rel=\"canonical\" href=\"https:\/\/www.managero.ro\/articles\/cand-vedeti-ca-nimic-nu-merge-incercati-si-varianta-cuantica\/\" \/>\n<meta property=\"og:locale\" content=\"en_US\" \/>\n<meta property=\"og:type\" content=\"article\" \/>\n<meta property=\"og:title\" content=\"C\u00e2nd vede\u021bi c\u0103 nimic nu merge, \u00eencerca\u021bi \u0219i varianta cuantic\u0103... - Managero\" \/>\n<meta property=\"og:description\" content=\"C\u00e2nd vede\u021bi c\u0103 nimic nu merge, poate \u00eencerca\u021bi \u0219i cursurile cuantice ale lui Vasile, detaliate mai jos: \ud83c\udd95 &amp; \ud83c\udd92 \u00ceMI PLACE FRECVEN\u021aA LA CARE VIBREZ ACUM? Secrete, subtilit\u0103\u021bi \u0219i practici cuantice, necesare \u0219i suficiente, pentru a emite \u0219i a stabiliza SEMN\u0102TURA VIBRA\u021aIONAL\u0102 a realit\u0103\u021bii dorite \ud83d\udd06 6 sesiuni practice, pe zoom, care \u00eemi furnizeaz\u0103 [&hellip;]\" \/>\n<meta property=\"og:url\" content=\"https:\/\/www.managero.ro\/articles\/cand-vedeti-ca-nimic-nu-merge-incercati-si-varianta-cuantica\/\" \/>\n<meta property=\"og:site_name\" content=\"Managero\" \/>\n<meta property=\"article:published_time\" content=\"2025-04-04T07:19:43+00:00\" \/>\n<meta property=\"article:modified_time\" content=\"2025-04-04T07:21:15+00:00\" \/>\n<meta property=\"og:image\" content=\"https:\/\/www.managero.ro\/articles\/wp-content\/uploads\/2023\/12\/Ochiul-de-vultur-al-angajatorului.jpg\" \/>\n\t<meta property=\"og:image:width\" content=\"1024\" \/>\n\t<meta property=\"og:image:height\" content=\"609\" \/>\n<meta name=\"twitter:card\" content=\"summary_large_image\" \/>\n<script type=\"application\/ld+json\" class=\"yoast-schema-graph\">{\"@context\":\"https:\/\/schema.org\",\"@graph\":[{\"@type\":\"WebSite\",\"@id\":\"https:\/\/www.managero.ro\/articles\/#website\",\"url\":\"https:\/\/www.managero.ro\/articles\/\",\"name\":\"Managero\",\"description\":\"Online Management Recruitment\",\"potentialAction\":[{\"@type\":\"SearchAction\",\"target\":\"https:\/\/www.managero.ro\/articles\/?s={search_term_string}\",\"query-input\":\"required name=search_term_string\"}],\"inLanguage\":\"en-US\"},{\"@type\":\"WebPage\",\"@id\":\"https:\/\/www.managero.ro\/articles\/cand-vedeti-ca-nimic-nu-merge-incercati-si-varianta-cuantica\/#webpage\",\"url\":\"https:\/\/www.managero.ro\/articles\/cand-vedeti-ca-nimic-nu-merge-incercati-si-varianta-cuantica\/\",\"name\":\"C\\u00e2nd vede\\u021bi c\\u0103 nimic nu merge, \\u00eencerca\\u021bi \\u0219i varianta cuantic\\u0103... - Managero\",\"isPartOf\":{\"@id\":\"https:\/\/www.managero.ro\/articles\/#website\"},\"datePublished\":\"2025-04-04T07:19:43+00:00\",\"dateModified\":\"2025-04-04T07:21:15+00:00\",\"author\":{\"@id\":\"https:\/\/www.managero.ro\/articles\/#\/schema\/person\/e9fb87189259feccc7ec8d3e553a551c\"},\"inLanguage\":\"en-US\",\"potentialAction\":[{\"@type\":\"ReadAction\",\"target\":[\"https:\/\/www.managero.ro\/articles\/cand-vedeti-ca-nimic-nu-merge-incercati-si-varianta-cuantica\/\"]}]},{\"@type\":[\"Person\"],\"@id\":\"https:\/\/www.managero.ro\/articles\/#\/schema\/person\/e9fb87189259feccc7ec8d3e553a551c\",\"name\":\"George Butunoiu\",\"image\":{\"@type\":\"ImageObject\",\"@id\":\"https:\/\/www.managero.ro\/articles\/#personlogo\",\"inLanguage\":\"en-US\",\"url\":\"https:\/\/secure.gravatar.com\/avatar\/89c187ed2ae04eb93934b0547ec74260f4916e9e6d474dc9fc60e42c6f3533f1?s=96&d=mm&r=g\",\"caption\":\"George Butunoiu\"}}]}<\/script>\n<!-- \/ Yoast SEO Premium plugin. -->","_links":{"self":[{"href":"https:\/\/www.managero.ro\/articles\/wp-json\/wp\/v2\/posts\/3475","targetHints":{"allow":["GET"]}}],"collection":[{"href":"https:\/\/www.managero.ro\/articles\/wp-json\/wp\/v2\/posts"}],"about":[{"href":"https:\/\/www.managero.ro\/articles\/wp-json\/wp\/v2\/types\/post"}],"author":[{"embeddable":true,"href":"https:\/\/www.managero.ro\/articles\/wp-json\/wp\/v2\/users\/3"}],"replies":[{"embeddable":true,"href":"https:\/\/www.managero.ro\/articles\/wp-json\/wp\/v2\/comments?post=3475"}],"version-history":[{"count":1,"href":"https:\/\/www.managero.ro\/articles\/wp-json\/wp\/v2\/posts\/3475\/revisions"}],"predecessor-version":[{"id":3476,"href":"https:\/\/www.managero.ro\/articles\/wp-json\/wp\/v2\/posts\/3475\/revisions\/3476"}],"wp:attachment":[{"href":"https:\/\/www.managero.ro\/articles\/wp-json\/wp\/v2\/media?parent=3475"}],"wp:term":[{"taxonomy":"category","embeddable":true,"href":"https:\/\/www.managero.ro\/articles\/wp-json\/wp\/v2\/categories?post=3475"},{"taxonomy":"post_tag","embeddable":true,"href":"https:\/\/www.managero.ro\/articles\/wp-json\/wp\/v2\/tags?post=3475"},{"taxonomy":"yst_prominent_words","embeddable":true,"href":"https:\/\/www.managero.ro\/articles\/wp-json\/wp\/v2\/yst_prominent_words?post=3475"}],"curies":[{"name":"wp","href":"https:\/\/api.w.org\/{rel}","templated":true}]}}