{"id":3447,"date":"2024-10-13T06:58:40","date_gmt":"2024-10-13T06:58:40","guid":{"rendered":"https:\/\/www.managero.ro\/articles\/?p=3447"},"modified":"2024-10-13T08:31:18","modified_gmt":"2024-10-13T08:31:18","slug":"ce-parere-aveti-despre-cei-care-si-fac-cv-ul-cu-europass","status":"publish","type":"post","link":"https:\/\/www.managero.ro\/articles\/ce-parere-aveti-despre-cei-care-si-fac-cv-ul-cu-europass\/","title":{"rendered":"Ce p\u0103rere ave\u021bi despre cei care-\u0219i fac CV-ul cu Europass?"},"content":{"rendered":"<p>Dac\u0103 vrei s\u0103 compromi\u021bi pe cineva, recomand\u0103-i s\u0103-\u0219i fac\u0103 CV-ul \u00een formatul Europass. Un mod eficient de a semnaliza c\u0103 omu nu prea e obi\u0219nuit cu logica \u0219i cu folosirea propriului cap, chiar \u00een situa\u021bii de interes personal major. Europassul e unul dintre cele mai proaste formate de CV. \u0218i nu e o surpriz\u0103, dac\u0103 te g\u00e2nde\u0219ti cine l-a conceput.<\/p>\n<p>Printre multe altele, plaseaz\u0103 numele jobului \u0219i numele angajatorului la distan\u021b\u0103 mare unul de altul. La cei care scriu \u00een disperare \u00een CV, orice le trece prin minte, adesea g\u0103se\u0219ti angajatorul \u0219i jobul la jum\u0103tate de pagin\u0103 distan\u021b\u0103 unul de cel\u0103lalt, dac\u0103 nu chiar pe pagini diferite!<\/p>\n<p>\u00cen poz\u0103 g\u0103si\u021bi structura acestui model de CV. \u0218i s\u0103 v\u0103d cum asocia\u021bi jobul cu angajatorul, ca \u00een primul chenar sau ca \u00een al doilea? Mai ales c\u00e2nd numele jobului 3 e lipit de numele angajatorului 4 \u0219i la vreo 30 de r\u00e2nduri de numele angajatorului 3, de care \u021bine, de fapt&#8230;<\/p>\n<p>Ce p\u0103rere ave\u021bi, a\u0219adar, despre cei care-\u0219i fac CV-ul Europass \u00een acest fel?<\/p>\n<p><a href=\"https:\/\/www.managero.ro\/articles\/wp-content\/uploads\/2024\/10\/CV-u-formatl-Europass.jpg\"><img loading=\"lazy\" decoding=\"async\" class=\"alignleft size-full wp-image-3451\" src=\"https:\/\/www.managero.ro\/articles\/wp-content\/uploads\/2024\/10\/CV-u-formatl-Europass.jpg\" alt=\"\" width=\"1024\" height=\"639\" srcset=\"https:\/\/www.managero.ro\/articles\/wp-content\/uploads\/2024\/10\/CV-u-formatl-Europass.jpg 1024w, https:\/\/www.managero.ro\/articles\/wp-content\/uploads\/2024\/10\/CV-u-formatl-Europass-300x187.jpg 300w, https:\/\/www.managero.ro\/articles\/wp-content\/uploads\/2024\/10\/CV-u-formatl-Europass-768x479.jpg 768w\" sizes=\"auto, (max-width: 1024px) 100vw, 1024px\" \/><\/a><\/p>\n","protected":false},"excerpt":{"rendered":"<p>Dac\u0103 vrei s\u0103 compromi\u021bi pe cineva, recomand\u0103-i s\u0103-\u0219i fac\u0103 CV-ul \u00een formatul Europass. Un mod eficient de a semnaliza c\u0103 omu nu prea e obi\u0219nuit cu logica \u0219i cu folosirea propriului cap, chiar \u00een situa\u021bii de interes personal major. Europassul e unul dintre cele mai proaste formate de CV. \u0218i nu e o surpriz\u0103, dac\u0103 [&hellip;]<\/p>\n","protected":false},"author":3,"featured_media":0,"comment_status":"open","ping_status":"open","sticky":false,"template":"","format":"standard","meta":{"_acf_changed":false,"footnotes":""},"categories":[1293],"tags":[],"yst_prominent_words":[414,563,372,317,418,405,483,314,312,305,463],"class_list":["post-3447","post","type-post","status-publish","format-standard","hentry","category-cv-urile"],"acf":{"cc_filter":[],"poza_fixa":"https:\/\/www.managero.ro\/articles\/wp-content\/uploads\/2024\/04\/Inginerul-de-58-de-ani.jpg","url_poza_fixa":"","format_poza_fixa":"full-img-4-3","oras":"","sector":"","zona":"","in_strainatate":false,"pian":false,"orga":false,"data1":1728813301,"data2":"","afiseaza_data_post":false,"acf_sala":"","centru_cultural":"","articole_parinte":"","articole_relationate":"","coordonate":false,"tab1_nume":"Despre","tab3":false,"tab5":false,"tab4":false},"yoast_head":"<!-- This site is optimized with the Yoast SEO Premium plugin v14.2 - https:\/\/yoast.com\/wordpress\/plugins\/seo\/ -->\n<meta name=\"description\" content=\"Dac\u0103 vrei s\u0103 compromi\u021bi pe cineva, recomand\u0103-i s\u0103-\u0219i fac\u0103 CV-ul \u00een formatul Europass. Un mod eficient de a semnaliza c\u0103 omu nu prea e obi\u0219nuit cu logica\" \/>\n<meta name=\"robots\" content=\"index, follow\" \/>\n<meta name=\"googlebot\" content=\"index, follow, max-snippet:-1, max-image-preview:large, max-video-preview:-1\" \/>\n<meta name=\"bingbot\" content=\"index, follow, max-snippet:-1, max-image-preview:large, max-video-preview:-1\" \/>\n<link rel=\"canonical\" href=\"https:\/\/www.managero.ro\/articles\/ce-parere-aveti-despre-cei-care-si-fac-cv-ul-cu-europass\/\" \/>\n<meta property=\"og:locale\" content=\"en_US\" \/>\n<meta property=\"og:type\" content=\"article\" \/>\n<meta property=\"og:title\" content=\"Ce p\u0103rere ave\u021bi despre cei care-\u0219i fac CV-ul cu Europass?\" \/>\n<meta property=\"og:description\" content=\"Dac\u0103 vrei s\u0103 compromi\u021bi pe cineva, recomand\u0103-i s\u0103-\u0219i fac\u0103 CV-ul \u00een formatul Europass. Un mod eficient de a semnaliza c\u0103 omu nu prea e obi\u0219nuit cu logica \u0219i cu folosirea propriului cap, chiar \u00een situa\u021bii de interes personal major.\" \/>\n<meta property=\"og:url\" content=\"https:\/\/www.managero.ro\/articles\/ce-parere-aveti-despre-cei-care-si-fac-cv-ul-cu-europass\/\" \/>\n<meta property=\"og:site_name\" content=\"Managero\" \/>\n<meta property=\"article:published_time\" content=\"2024-10-13T06:58:40+00:00\" \/>\n<meta property=\"article:modified_time\" content=\"2024-10-13T08:31:18+00:00\" \/>\n<meta property=\"og:image\" content=\"https:\/\/www.managero.ro\/articles\/wp-content\/uploads\/2024\/10\/CV-u-formatl-Europass.jpg\" \/>\n\t<meta property=\"og:image:width\" content=\"1024\" \/>\n\t<meta property=\"og:image:height\" content=\"639\" \/>\n<meta name=\"twitter:card\" content=\"summary_large_image\" \/>\n<script type=\"application\/ld+json\" class=\"yoast-schema-graph\">{\"@context\":\"https:\/\/schema.org\",\"@graph\":[{\"@type\":\"WebSite\",\"@id\":\"https:\/\/www.managero.ro\/articles\/#website\",\"url\":\"https:\/\/www.managero.ro\/articles\/\",\"name\":\"Managero\",\"description\":\"Online Management Recruitment\",\"potentialAction\":[{\"@type\":\"SearchAction\",\"target\":\"https:\/\/www.managero.ro\/articles\/?s={search_term_string}\",\"query-input\":\"required name=search_term_string\"}],\"inLanguage\":\"en-US\"},{\"@type\":\"ImageObject\",\"@id\":\"https:\/\/www.managero.ro\/articles\/ce-parere-aveti-despre-cei-care-si-fac-cv-ul-cu-europass\/#primaryimage\",\"inLanguage\":\"en-US\",\"url\":\"https:\/\/www.managero.ro\/articles\/wp-content\/uploads\/2024\/10\/CV-u-formatl-Europass.jpg\",\"width\":1024,\"height\":639},{\"@type\":\"WebPage\",\"@id\":\"https:\/\/www.managero.ro\/articles\/ce-parere-aveti-despre-cei-care-si-fac-cv-ul-cu-europass\/#webpage\",\"url\":\"https:\/\/www.managero.ro\/articles\/ce-parere-aveti-despre-cei-care-si-fac-cv-ul-cu-europass\/\",\"name\":\"Ce p\\u0103rere ave\\u021bi despre cei care-\\u0219i fac CV-ul cu Europass? - Managero\",\"isPartOf\":{\"@id\":\"https:\/\/www.managero.ro\/articles\/#website\"},\"primaryImageOfPage\":{\"@id\":\"https:\/\/www.managero.ro\/articles\/ce-parere-aveti-despre-cei-care-si-fac-cv-ul-cu-europass\/#primaryimage\"},\"datePublished\":\"2024-10-13T06:58:40+00:00\",\"dateModified\":\"2024-10-13T08:31:18+00:00\",\"author\":{\"@id\":\"https:\/\/www.managero.ro\/articles\/#\/schema\/person\/e9fb87189259feccc7ec8d3e553a551c\"},\"description\":\"Dac\\u0103 vrei s\\u0103 compromi\\u021bi pe cineva, recomand\\u0103-i s\\u0103-\\u0219i fac\\u0103 CV-ul \\u00een formatul Europass. Un mod eficient de a semnaliza c\\u0103 omu nu prea e obi\\u0219nuit cu logica\",\"inLanguage\":\"en-US\",\"potentialAction\":[{\"@type\":\"ReadAction\",\"target\":[\"https:\/\/www.managero.ro\/articles\/ce-parere-aveti-despre-cei-care-si-fac-cv-ul-cu-europass\/\"]}]},{\"@type\":[\"Person\"],\"@id\":\"https:\/\/www.managero.ro\/articles\/#\/schema\/person\/e9fb87189259feccc7ec8d3e553a551c\",\"name\":\"George Butunoiu\",\"image\":{\"@type\":\"ImageObject\",\"@id\":\"https:\/\/www.managero.ro\/articles\/#personlogo\",\"inLanguage\":\"en-US\",\"url\":\"https:\/\/secure.gravatar.com\/avatar\/89c187ed2ae04eb93934b0547ec74260f4916e9e6d474dc9fc60e42c6f3533f1?s=96&d=mm&r=g\",\"caption\":\"George Butunoiu\"}}]}<\/script>\n<!-- \/ Yoast SEO Premium plugin. -->","_links":{"self":[{"href":"https:\/\/www.managero.ro\/articles\/wp-json\/wp\/v2\/posts\/3447","targetHints":{"allow":["GET"]}}],"collection":[{"href":"https:\/\/www.managero.ro\/articles\/wp-json\/wp\/v2\/posts"}],"about":[{"href":"https:\/\/www.managero.ro\/articles\/wp-json\/wp\/v2\/types\/post"}],"author":[{"embeddable":true,"href":"https:\/\/www.managero.ro\/articles\/wp-json\/wp\/v2\/users\/3"}],"replies":[{"embeddable":true,"href":"https:\/\/www.managero.ro\/articles\/wp-json\/wp\/v2\/comments?post=3447"}],"version-history":[{"count":4,"href":"https:\/\/www.managero.ro\/articles\/wp-json\/wp\/v2\/posts\/3447\/revisions"}],"predecessor-version":[{"id":3453,"href":"https:\/\/www.managero.ro\/articles\/wp-json\/wp\/v2\/posts\/3447\/revisions\/3453"}],"wp:attachment":[{"href":"https:\/\/www.managero.ro\/articles\/wp-json\/wp\/v2\/media?parent=3447"}],"wp:term":[{"taxonomy":"category","embeddable":true,"href":"https:\/\/www.managero.ro\/articles\/wp-json\/wp\/v2\/categories?post=3447"},{"taxonomy":"post_tag","embeddable":true,"href":"https:\/\/www.managero.ro\/articles\/wp-json\/wp\/v2\/tags?post=3447"},{"taxonomy":"yst_prominent_words","embeddable":true,"href":"https:\/\/www.managero.ro\/articles\/wp-json\/wp\/v2\/yst_prominent_words?post=3447"}],"curies":[{"name":"wp","href":"https:\/\/api.w.org\/{rel}","templated":true}]}}