{"id":3171,"date":"2024-01-05T07:17:36","date_gmt":"2024-01-05T07:17:36","guid":{"rendered":"https:\/\/www.managero.ro\/articles\/?p=3171"},"modified":"2024-01-05T07:17:36","modified_gmt":"2024-01-05T07:17:36","slug":"cel-mai-prost-sfat-pe-care-l-am-dat-vreodata","status":"publish","type":"post","link":"https:\/\/www.managero.ro\/articles\/cel-mai-prost-sfat-pe-care-l-am-dat-vreodata\/","title":{"rendered":"Cel mai prost sfat pe care l-am dat vreodat\u0103"},"content":{"rendered":"<p>\u0218ti\u021bi cu to\u021bii cum e c\u00e2nd v\u0103 schimba\u021bi o p\u0103rere. Cum dec\u0103de\u021bi \u00een fa\u021ba celorlal\u021bi, c\u00e2te ironii. \u0218i c\u00e2t\u0103 team\u0103 de a-\u021bi spune noua p\u0103rere, din cauza lor&#8230;<\/p>\n<p>Mi se p\u0103rea c\u0103 sunt un om care-\u0219i schimb\u0103 p\u0103rerile mai rar dec\u00e2t ceilal\u021bi. Acum nu mai sunt deloc at\u00e2t de convins. O \u00eent\u00e2mplare recent\u0103 m-a \u00eempins s\u0103 \u00eencerc s\u0103 fac o \u201elist\u0103\u201d cu aceste schimb\u0103ri, de la cele \u201elife-changing\u201d p\u00e2n\u0103 la cele mai pu\u021bin angajante, cum ar fi opinia \u0219i pozi\u021bia fa\u021b\u0103 de un anumit grup social sau o stare de fapte.<\/p>\n<p>Concluzia a fost nea\u0219teptat\u0103, \u0219i m\u0103 \u00eentreb acum dac\u0103 nu cumva am fost tot timpul de partea cealalt\u0103 a mediei sociale. P\u0103reri \u0219i pozi\u021bii schimbate pu\u021bin, altele major, altele radical, \u00een extrema cealalt\u0103. Uneori \u00eentr-o singur\u0103 noapte \u2013 mai ales atunci c\u00e2nd eram student \u0219i citeam c\u00e2te o carte greu de g\u0103sit atunci, dup\u0103 vreo \u00eent\u00e2mplare sau o discu\u021bie cu un om pe care nu-l mai ui\u021bi apoi, alteori mai lent, treptat, \u00een luni de zile, c\u00e2teodat\u0103 f\u0103r\u0103 s\u0103-mi fi dat seama, c\u00e2nd realizezam c\u0103 \u00een urm\u0103 cu c\u00e2\u021biva ani aveam o p\u0103rere exact opus\u0103 pe tema dat\u0103.<\/p>\n<p>Uneori cau\u021bi tu s\u0103 te l\u0103mure\u0219ti explicit asupra unui subiect, cite\u0219ti, te informezi, analizezi, studiezi, sintetizezi, \u0219i la urm\u0103 \u00ee\u021bi schimbi p\u0103rerea. Alteori documentarea pe o tema ajunge din \u00eent\u00e2mplare s\u0103-\u021bi schimbe p\u0103reri despre cu totul altceva, desigur. Nu-mi aduc aminte acum, la o retrospectiv\u0103 superficial\u0103, dac\u0103 au fost reveniri la p\u0103rerea ini\u021bial\u0103 pe o tem\u0103 major\u0103, dup\u0103 trecerea prin opusul ei pentru o perioad\u0103. Probabil c\u0103 au fost \u0219i din acestea.<\/p>\n<p>Cea mai recent\u0103 schimbare de acest fel la mine a fost de cur\u00e2nd, c\u00e2nd \u00een vreo dou\u0103 luni, noiembrie \u0219i decembrie, mai precis spus, mi-am schimbat p\u0103rerea la 180 de grade despre un anumit grup socio-profesional, dup\u0103 ce o via\u021b\u0103 \u00eentreag\u0103 am avut o opinie f\u0103r\u0103 echivoc \u0219i o pozi\u021bie ferm\u0103 \u00eempotriva lor. Voi scrie un mic text separat despre ei \u00een zilele urm\u0103toare, ca o continuare a acestuia.<\/p>\n<p>\u0218i atunci ce s\u0103 faci c\u00e2nd cineva \u00ee\u021bi cere p\u0103rerea pe o tem\u0103 major\u0103, \u0219tiind bine c\u0103 ai putea s\u0103 \u021bi-o schimbi peste o vreme? S\u0103 nu i-o mai dai deloc? Sau poate o solu\u021bie mai bun\u0103 ar fi s\u0103 ai tot timpul un mic carne\u021bel cu coper\u021bi din piele la tine, \u0219i s\u0103 notezi acolo ce p\u0103rere ai dat, cui, c\u00e2nd, datele de contact. Iar c\u00e2nd \u021bi-o schimbi, \u00eei trimi\u021bi un e-mail sau \u00eel suni pe cel \u00een cauz\u0103 \u0219i-l pui la curent cu noua opinie.<\/p>\n<p>Eu nu am avut un astfel de carne\u021bel, \u0219i acum \u00eemi pare r\u0103u, m\u0103 simt vinovat \u0219i responsabil pentru eventualele consecin\u021be. Cum ar fi cele din urm\u0103toarea \u00eent\u00e2mplare de pe la \u00eenceputurile carierei mele, pe care nu cred c\u0103 o voi uita vreodat\u0103.<\/p>\n<p>Demult, s\u0103 fie vreo dou\u0103zeci\u0219i de ani de atunci, c\u00e2nd am fost invitat s\u0103-mi spun p\u0103rerile aferente respectivei zile din calendar unei adun\u0103ri tinere\u0219ti, la sf\u00e2r\u0219it o student\u0103 firav\u0103 m-a tras de m\u00e2nec\u0103 s\u0103 m\u0103 \u00eentrebe ceva \u00eentr-un col\u021b, s\u0103 nu ne aud\u0103 nimeni. Mi-a spus c\u0103 are un iubit care o \u00eendeamn\u0103 insistent (o \u201epreseaz\u0103\u201d, \u00eemi aduc aminte cuv\u00e2ntul) s\u0103 se g\u00e2ndeasc\u0103 foarte serios la carier\u0103, la ce job va avea, la c\u00e2t va c\u00e2\u0219tiga, s\u0103-\u0219i fac\u0103 calcule \u0219i scenarii. Or, pl\u0103p\u00e2nda f\u0103ptur\u0103 considera c\u0103 nu acestea sunt printre lucrurile cele mai importante din via\u021b\u0103, c\u0103 dimpotriv\u0103, acestea i-ar \u00eengr\u0103di libertatea c\u0103tre idealuri \u0219i c\u0103tre orizonturi spirituale care pentru ea p\u0103reau s\u0103 fie mult mai largi dec\u00e2t ale altora.<\/p>\n<p>\u00centrebarea sintetizatoare a pl\u0103p\u00e2ndei interlocutoare a fost formulat\u0103 nea\u0219teptat \u0219i surprinz\u0103tor de scurt \u0219i de neobi\u0219nuit pentru astfel de interpel\u0103ri \u2013 probabil de aceea o \u021bin \u00eenc\u0103 minte at\u00e2t de bine: Ce crede\u021bi, ar fi bine s\u0103 m\u0103 despart de el \u0219i s\u0103-mi caut alt b\u0103rbat, unul care s\u0103 rezoneze cu sufletul \u0219i cu idealurile mele?<\/p>\n<p>Consider\u00e2nd c\u0103 o \u00eentrebare at\u00e2t de sintetic\u0103 a\u0219teapt\u0103 un r\u0103spuns la fel de sintetic, i-am r\u0103spuns c\u0103 da, c\u0103 a\u0219a a\u0219 face \u0219i eu \u00een locul ei. Oare ce i-a\u0219 fi r\u0103spuns, sau ce a\u0219 fi f\u0103cut atunci dac\u0103 mi-a\u0219 fi imaginat, \u0219i pentru o clipit\u0103, c\u0103 \u00een c\u00e2\u021biva ani o s\u0103-mi schimb complet p\u0103rerea? I-a\u0219 fi cerut adresa de e-mail, ca s\u0103 o informez, desigur. Dar nu am f\u0103cut-o, \u0219i acum voi tr\u0103i cu povara acestei vini toat\u0103 via\u021ba.<\/p>\n<p>De cur\u00e2nd s-a repetat scenariul, aproape identic, \u00eens\u0103 acum m-am asigurat c\u0103 nu voi mai repeta gre\u0219eala. Bunul \u0219i vechiul meu prieten are un singur copil. Toat\u0103 via\u021ba \u0219i m\u00e2ndria lui sunt acolo. \u0218i are \u0219i de ce. A f\u0103cut studii briliante \u00een \u0219tiin\u021be exacte la una dintre cele mai prestigioase universit\u0103\u021bi din lume, a f\u0103cut \u0219i un doctorat de excep\u021bie tot acolo, imediat dup\u0103 facultate, curg cererile de angajare din diverse \u021b\u0103ri \u00een domeniul care \u00eel pasioneaz\u0103 pe el cel mai mult.<\/p>\n<p>Are vreo 27 de ani acum copilul, cred, sau 28. \u0218i mai are \u0219i o iubit\u0103 care nu vrea s\u0103 stea cu el \u00een str\u0103in\u0103tate, \u0219i i-a spus, f\u0103r\u0103 cea mai firav\u0103 umbr\u0103 de echivoc, c\u0103 dac\u0103 vrea s\u0103 r\u0103m\u00e2n\u0103 cu ea \u0219i s\u0103 se c\u0103s\u0103toreasc\u0103, s\u0103 se \u00eentoarc\u0103 el \u00een Rom\u00e2nia, s\u0103-\u0219i caute un job aici \u0219i s\u0103 r\u0103m\u00e2n\u0103. Ceea ce copilul a \u0219i f\u0103cut, \u00eencep\u00e2nd s\u0103-\u0219i caute cu asiduitate locul aici.<\/p>\n<p>Bunul meu prieten m-a rugat s\u0103 m\u0103 v\u0103d cu copilul, ca s\u0103-l ajut s\u0103-\u0219i g\u0103seasc\u0103 un astfel de job. \u0218i m-am \u00eent\u00e2lnit, desigur. Nu mai redau aici toat\u0103 discu\u021bia, ci doar \u00eentrebarea lui sintetizatoare, formulat\u0103 foarte clar \u0219i f\u0103r\u0103 echivoc: Vre\u021bi s\u0103 spune\u021bi c\u0103 ar fi mai bine s\u0103 m\u0103 despart de ea \u0219i s\u0103 m\u0103 \u00eentorc la cariera \u0219i la via\u021ba mea din str\u0103in\u0103tate, \u0219i s\u0103-mi g\u0103sesc alt\u0103 femeie?<\/p>\n<p>Consider\u00e2nd c\u0103 o \u00eentrebare at\u00e2t de sintetic\u0103 a\u0219teapt\u0103 un r\u0103spuns la fel de sintetic, i-am r\u0103spuns c\u0103 da, c\u0103 a\u0219a a\u0219 face \u00een locul lui&#8230;<\/p>\n","protected":false},"excerpt":{"rendered":"<p>\u0218ti\u021bi cu to\u021bii cum e c\u00e2nd v\u0103 schimba\u021bi o p\u0103rere. Cum dec\u0103de\u021bi \u00een fa\u021ba celorlal\u021bi, c\u00e2te ironii. \u0218i c\u00e2t\u0103 team\u0103 de a-\u021bi spune noua p\u0103rere, din cauza lor&#8230; Mi se p\u0103rea c\u0103 sunt un om care-\u0219i schimb\u0103 p\u0103rerile mai rar dec\u00e2t ceilal\u021bi. Acum nu mai sunt deloc at\u00e2t de convins. O \u00eent\u00e2mplare recent\u0103 m-a \u00eempins [&hellip;]<\/p>\n","protected":false},"author":3,"featured_media":0,"comment_status":"open","ping_status":"open","sticky":false,"template":"","format":"standard","meta":{"_acf_changed":false,"footnotes":""},"categories":[1313],"tags":[],"yst_prominent_words":[312],"class_list":["post-3171","post","type-post","status-publish","format-standard","hentry","category-piata-muncii"],"acf":{"cc_filter":[],"poza_fixa":"https:\/\/www.managero.ro\/articles\/wp-content\/uploads\/2021\/03\/George-Butunoiu-Managero.jpg","url_poza_fixa":"","format_poza_fixa":"full-img-4-3","oras":"","sector":"","zona":"","in_strainatate":false,"pian":false,"orga":false,"data1":1704445982,"data2":"","afiseaza_data_post":false,"acf_sala":"","centru_cultural":"","articole_parinte":"","articole_relationate":"","coordonate":false,"tab1_nume":"Despre","tab3":false,"tab5":false,"tab4":false},"yoast_head":"<!-- This site is optimized with the Yoast SEO Premium plugin v14.2 - https:\/\/yoast.com\/wordpress\/plugins\/seo\/ -->\n<meta name=\"description\" content=\"\u00centrebarea sintetizatoare a pl\u0103p\u00e2ndei interlocutoare a fost formulat\u0103 nea\u0219teptat \u0219i surprinz\u0103tor de scurt \u0219i de neobi\u0219nuit pentru astfel de interpel\u0103ri...\" \/>\n<meta name=\"robots\" content=\"index, follow\" \/>\n<meta name=\"googlebot\" content=\"index, follow, max-snippet:-1, max-image-preview:large, max-video-preview:-1\" \/>\n<meta name=\"bingbot\" content=\"index, follow, max-snippet:-1, max-image-preview:large, max-video-preview:-1\" \/>\n<link rel=\"canonical\" href=\"https:\/\/www.managero.ro\/articles\/cel-mai-prost-sfat-pe-care-l-am-dat-vreodata\/\" \/>\n<meta property=\"og:locale\" content=\"en_US\" \/>\n<meta property=\"og:type\" content=\"article\" \/>\n<meta property=\"og:title\" content=\"Cel mai prost sfat pe care l-am dat vreodat\u0103 - George Butunoiu\" \/>\n<meta property=\"og:description\" content=\"\u00centrebarea sintetizatoare a pl\u0103p\u00e2ndei interlocutoare a fost formulat\u0103 nea\u0219teptat \u0219i surprinz\u0103tor de scurt \u0219i de neobi\u0219nuit pentru astfel de interpel\u0103ri \u2013 probabil de aceea o \u021bin \u00eenc\u0103 minte at\u00e2t de bine: Ce crede\u021bi, ar fi bine s\u0103\" \/>\n<meta property=\"og:url\" content=\"https:\/\/www.managero.ro\/articles\/cel-mai-prost-sfat-pe-care-l-am-dat-vreodata\/\" \/>\n<meta property=\"og:site_name\" content=\"Managero\" \/>\n<meta property=\"article:published_time\" content=\"2024-01-05T07:17:36+00:00\" \/>\n<meta property=\"og:image\" content=\"https:\/\/www.managero.ro\/articles\/wp-content\/uploads\/2021\/03\/George-Butunoiu-Managero.jpg\" \/>\n\t<meta property=\"og:image:width\" content=\"1024\" \/>\n\t<meta property=\"og:image:height\" content=\"683\" \/>\n<meta name=\"twitter:card\" content=\"summary_large_image\" \/>\n<script type=\"application\/ld+json\" class=\"yoast-schema-graph\">{\"@context\":\"https:\/\/schema.org\",\"@graph\":[{\"@type\":\"WebSite\",\"@id\":\"https:\/\/www.managero.ro\/articles\/#website\",\"url\":\"https:\/\/www.managero.ro\/articles\/\",\"name\":\"Managero\",\"description\":\"Online Management Recruitment\",\"potentialAction\":[{\"@type\":\"SearchAction\",\"target\":\"https:\/\/www.managero.ro\/articles\/?s={search_term_string}\",\"query-input\":\"required name=search_term_string\"}],\"inLanguage\":\"en-US\"},{\"@type\":\"WebPage\",\"@id\":\"https:\/\/www.managero.ro\/articles\/cel-mai-prost-sfat-pe-care-l-am-dat-vreodata\/#webpage\",\"url\":\"https:\/\/www.managero.ro\/articles\/cel-mai-prost-sfat-pe-care-l-am-dat-vreodata\/\",\"name\":\"Cel mai prost sfat pe care l-am dat vreodat\\u0103 - George Butunoiu\",\"isPartOf\":{\"@id\":\"https:\/\/www.managero.ro\/articles\/#website\"},\"datePublished\":\"2024-01-05T07:17:36+00:00\",\"dateModified\":\"2024-01-05T07:17:36+00:00\",\"author\":{\"@id\":\"https:\/\/www.managero.ro\/articles\/#\/schema\/person\/e9fb87189259feccc7ec8d3e553a551c\"},\"description\":\"\\u00centrebarea sintetizatoare a pl\\u0103p\\u00e2ndei interlocutoare a fost formulat\\u0103 nea\\u0219teptat \\u0219i surprinz\\u0103tor de scurt \\u0219i de neobi\\u0219nuit pentru astfel de interpel\\u0103ri...\",\"inLanguage\":\"en-US\",\"potentialAction\":[{\"@type\":\"ReadAction\",\"target\":[\"https:\/\/www.managero.ro\/articles\/cel-mai-prost-sfat-pe-care-l-am-dat-vreodata\/\"]}]},{\"@type\":[\"Person\"],\"@id\":\"https:\/\/www.managero.ro\/articles\/#\/schema\/person\/e9fb87189259feccc7ec8d3e553a551c\",\"name\":\"George Butunoiu\",\"image\":{\"@type\":\"ImageObject\",\"@id\":\"https:\/\/www.managero.ro\/articles\/#personlogo\",\"inLanguage\":\"en-US\",\"url\":\"https:\/\/secure.gravatar.com\/avatar\/89c187ed2ae04eb93934b0547ec74260f4916e9e6d474dc9fc60e42c6f3533f1?s=96&d=mm&r=g\",\"caption\":\"George Butunoiu\"}}]}<\/script>\n<!-- \/ Yoast SEO Premium plugin. -->","_links":{"self":[{"href":"https:\/\/www.managero.ro\/articles\/wp-json\/wp\/v2\/posts\/3171","targetHints":{"allow":["GET"]}}],"collection":[{"href":"https:\/\/www.managero.ro\/articles\/wp-json\/wp\/v2\/posts"}],"about":[{"href":"https:\/\/www.managero.ro\/articles\/wp-json\/wp\/v2\/types\/post"}],"author":[{"embeddable":true,"href":"https:\/\/www.managero.ro\/articles\/wp-json\/wp\/v2\/users\/3"}],"replies":[{"embeddable":true,"href":"https:\/\/www.managero.ro\/articles\/wp-json\/wp\/v2\/comments?post=3171"}],"version-history":[{"count":1,"href":"https:\/\/www.managero.ro\/articles\/wp-json\/wp\/v2\/posts\/3171\/revisions"}],"predecessor-version":[{"id":3172,"href":"https:\/\/www.managero.ro\/articles\/wp-json\/wp\/v2\/posts\/3171\/revisions\/3172"}],"wp:attachment":[{"href":"https:\/\/www.managero.ro\/articles\/wp-json\/wp\/v2\/media?parent=3171"}],"wp:term":[{"taxonomy":"category","embeddable":true,"href":"https:\/\/www.managero.ro\/articles\/wp-json\/wp\/v2\/categories?post=3171"},{"taxonomy":"post_tag","embeddable":true,"href":"https:\/\/www.managero.ro\/articles\/wp-json\/wp\/v2\/tags?post=3171"},{"taxonomy":"yst_prominent_words","embeddable":true,"href":"https:\/\/www.managero.ro\/articles\/wp-json\/wp\/v2\/yst_prominent_words?post=3171"}],"curies":[{"name":"wp","href":"https:\/\/api.w.org\/{rel}","templated":true}]}}