{"id":3116,"date":"2023-11-25T13:36:16","date_gmt":"2023-11-25T13:36:16","guid":{"rendered":"https:\/\/www.managero.ro\/articles\/?p=3116"},"modified":"2023-11-25T13:36:16","modified_gmt":"2023-11-25T13:36:16","slug":"ati-prefera-sa-ramaneti-in-continuare-programator","status":"publish","type":"post","link":"https:\/\/www.managero.ro\/articles\/ati-prefera-sa-ramaneti-in-continuare-programator\/","title":{"rendered":"A\u021bi prefera s\u0103 r\u0103m\u00e2ne\u021bi \u00een continuare programator?"},"content":{"rendered":"<p>Ave\u021bi 38 de ani, sunte\u021bi programator \u0219i ave\u021bi un salariu de 4,000\u20ac\/ lun\u0103. Tocmai a\u021bi primit o ofert\u0103 de job de IT Director pentru filiala din Rom\u00e2nia a unei multina\u021bionale cunoscute \u00een mediile industriale, cu un nivel foarte \u00eenalt de integrare la nivel european a tuturor activit\u0103\u021bilor, proceselor, raport\u0103rilor, monitoriz\u0103rii \u00een timp real, managementului, \u00een general. Ve\u021bi fi subordonat unui CTO-CIO la nivel european \u0219i ve\u021bi lucra preponderent pe proiecte transfrontaliere, cu echipe variabile. Postul este integrat \u00een organigrama din Rom\u00e2nia, cu baza la Bucure\u0219ti, dar poate se lucra \u0219i din Cluj, Timi\u0219oara, Budapesta, Var\u0219ovia sau Cracovia. Salariul este de 3,500\u20ac net\/ lun\u0103, la care se adaug\u0103 beneficii salariale \u0219i extrasalariale specifice companiilor multina\u021bionale. \u00centrebare: a\u021bi accepta acest job, sau a\u021bi prefera s\u0103 r\u0103m\u00e2ne\u021bi \u00een continuare programator, cu un salariu mai mare?<\/p>\n<p>A\u021bi accepta acest job, sau a\u021bi prefera s\u0103 r\u0103m\u00e2ne\u021bi \u00een continuare programator, cu un salariu mai mare?<\/p>\n<p>Vede\u021bi mai jos rezultatele unui sondaj pe care l-am pus pe LinkedIn: <a href=\"https:\/\/www.linkedin.com\/posts\/georgebutunoiu_ave%C8%9Bi-38-de-ani-sunte%C8%9Bi-programator-%C8%99i-ave%C8%9Bi-activity-7106868841116241921-G_xO?utm_source=share&amp;utm_medium=member_desktop\">www.linkedin.com\/polls<\/a><\/p>\n<p><a href=\"https:\/\/www.managero.ro\/articles\/wp-content\/uploads\/2023\/11\/New-Picture-35.png\"><img loading=\"lazy\" decoding=\"async\" class=\"alignleft size-full wp-image-3117\" src=\"https:\/\/www.managero.ro\/articles\/wp-content\/uploads\/2023\/11\/New-Picture-35.png\" alt=\"\" width=\"519\" height=\"207\" srcset=\"https:\/\/www.managero.ro\/articles\/wp-content\/uploads\/2023\/11\/New-Picture-35.png 519w, https:\/\/www.managero.ro\/articles\/wp-content\/uploads\/2023\/11\/New-Picture-35-300x120.png 300w\" sizes=\"auto, (max-width: 519px) 100vw, 519px\" \/><\/a><\/p>\n","protected":false},"excerpt":{"rendered":"<p>Ave\u021bi 38 de ani, sunte\u021bi programator \u0219i ave\u021bi un salariu de 4,000\u20ac\/ lun\u0103. Tocmai a\u021bi primit o ofert\u0103 de job de IT Director pentru filiala din Rom\u00e2nia a unei multina\u021bionale cunoscute \u00een mediile industriale, cu un nivel foarte \u00eenalt de integrare la nivel european a tuturor activit\u0103\u021bilor, proceselor, raport\u0103rilor, monitoriz\u0103rii \u00een timp real, managementului, \u00een [&hellip;]<\/p>\n","protected":false},"author":3,"featured_media":0,"comment_status":"open","ping_status":"open","sticky":false,"template":"","format":"standard","meta":{"_acf_changed":false,"footnotes":""},"categories":[1332],"tags":[],"yst_prominent_words":[],"class_list":["post-3116","post","type-post","status-publish","format-standard","hentry","category-sondaje"],"acf":{"cc_filter":[],"poza_fixa":"https:\/\/www.managero.ro\/articles\/wp-content\/uploads\/2020\/07\/La-jumatate-de-pret.jpg","url_poza_fixa":"","format_poza_fixa":"full-img-4-3","oras":"","sector":"","zona":"","in_strainatate":false,"pian":false,"orga":false,"data1":1700926249,"data2":"","afiseaza_data_post":false,"acf_sala":"","centru_cultural":"","articole_parinte":"","articole_relationate":"","coordonate":false,"tab1_nume":"Despre","tab3":false,"tab5":false,"tab4":false},"yoast_head":"<!-- This site is optimized with the Yoast SEO Premium plugin v14.2 - https:\/\/yoast.com\/wordpress\/plugins\/seo\/ -->\n<meta name=\"robots\" content=\"index, follow\" \/>\n<meta name=\"googlebot\" content=\"index, follow, max-snippet:-1, max-image-preview:large, max-video-preview:-1\" \/>\n<meta name=\"bingbot\" content=\"index, follow, max-snippet:-1, max-image-preview:large, max-video-preview:-1\" \/>\n<link rel=\"canonical\" href=\"https:\/\/www.managero.ro\/articles\/ati-prefera-sa-ramaneti-in-continuare-programator\/\" \/>\n<meta property=\"og:locale\" content=\"en_US\" \/>\n<meta property=\"og:type\" content=\"article\" \/>\n<meta property=\"og:title\" content=\"A\u021bi prefera s\u0103 r\u0103m\u00e2ne\u021bi \u00een continuare programator? - Managero\" \/>\n<meta property=\"og:description\" content=\"Ave\u021bi 38 de ani, sunte\u021bi programator \u0219i ave\u021bi un salariu de 4,000\u20ac\/ lun\u0103. Tocmai a\u021bi primit o ofert\u0103 de job de IT Director pentru filiala din Rom\u00e2nia a unei multina\u021bionale cunoscute \u00een mediile industriale, cu un nivel foarte \u00eenalt de integrare la nivel european a tuturor activit\u0103\u021bilor, proceselor, raport\u0103rilor, monitoriz\u0103rii \u00een timp real, managementului, \u00een [&hellip;]\" \/>\n<meta property=\"og:url\" content=\"https:\/\/www.managero.ro\/articles\/ati-prefera-sa-ramaneti-in-continuare-programator\/\" \/>\n<meta property=\"og:site_name\" content=\"Managero\" \/>\n<meta property=\"article:published_time\" content=\"2023-11-25T13:36:16+00:00\" \/>\n<meta property=\"og:image\" content=\"https:\/\/www.managero.ro\/articles\/wp-content\/uploads\/2023\/11\/New-Picture-35.png\" \/>\n<meta name=\"twitter:card\" content=\"summary_large_image\" \/>\n<script type=\"application\/ld+json\" class=\"yoast-schema-graph\">{\"@context\":\"https:\/\/schema.org\",\"@graph\":[{\"@type\":\"WebSite\",\"@id\":\"https:\/\/www.managero.ro\/articles\/#website\",\"url\":\"https:\/\/www.managero.ro\/articles\/\",\"name\":\"Managero\",\"description\":\"Online Management Recruitment\",\"potentialAction\":[{\"@type\":\"SearchAction\",\"target\":\"https:\/\/www.managero.ro\/articles\/?s={search_term_string}\",\"query-input\":\"required name=search_term_string\"}],\"inLanguage\":\"en-US\"},{\"@type\":\"ImageObject\",\"@id\":\"https:\/\/www.managero.ro\/articles\/ati-prefera-sa-ramaneti-in-continuare-programator\/#primaryimage\",\"inLanguage\":\"en-US\",\"url\":\"https:\/\/www.managero.ro\/articles\/wp-content\/uploads\/2023\/11\/New-Picture-35.png\",\"width\":519,\"height\":207},{\"@type\":\"WebPage\",\"@id\":\"https:\/\/www.managero.ro\/articles\/ati-prefera-sa-ramaneti-in-continuare-programator\/#webpage\",\"url\":\"https:\/\/www.managero.ro\/articles\/ati-prefera-sa-ramaneti-in-continuare-programator\/\",\"name\":\"A\\u021bi prefera s\\u0103 r\\u0103m\\u00e2ne\\u021bi \\u00een continuare programator? - Managero\",\"isPartOf\":{\"@id\":\"https:\/\/www.managero.ro\/articles\/#website\"},\"primaryImageOfPage\":{\"@id\":\"https:\/\/www.managero.ro\/articles\/ati-prefera-sa-ramaneti-in-continuare-programator\/#primaryimage\"},\"datePublished\":\"2023-11-25T13:36:16+00:00\",\"dateModified\":\"2023-11-25T13:36:16+00:00\",\"author\":{\"@id\":\"https:\/\/www.managero.ro\/articles\/#\/schema\/person\/e9fb87189259feccc7ec8d3e553a551c\"},\"inLanguage\":\"en-US\",\"potentialAction\":[{\"@type\":\"ReadAction\",\"target\":[\"https:\/\/www.managero.ro\/articles\/ati-prefera-sa-ramaneti-in-continuare-programator\/\"]}]},{\"@type\":[\"Person\"],\"@id\":\"https:\/\/www.managero.ro\/articles\/#\/schema\/person\/e9fb87189259feccc7ec8d3e553a551c\",\"name\":\"George Butunoiu\",\"image\":{\"@type\":\"ImageObject\",\"@id\":\"https:\/\/www.managero.ro\/articles\/#personlogo\",\"inLanguage\":\"en-US\",\"url\":\"https:\/\/secure.gravatar.com\/avatar\/89c187ed2ae04eb93934b0547ec74260f4916e9e6d474dc9fc60e42c6f3533f1?s=96&d=mm&r=g\",\"caption\":\"George Butunoiu\"}}]}<\/script>\n<!-- \/ Yoast SEO Premium plugin. -->","_links":{"self":[{"href":"https:\/\/www.managero.ro\/articles\/wp-json\/wp\/v2\/posts\/3116","targetHints":{"allow":["GET"]}}],"collection":[{"href":"https:\/\/www.managero.ro\/articles\/wp-json\/wp\/v2\/posts"}],"about":[{"href":"https:\/\/www.managero.ro\/articles\/wp-json\/wp\/v2\/types\/post"}],"author":[{"embeddable":true,"href":"https:\/\/www.managero.ro\/articles\/wp-json\/wp\/v2\/users\/3"}],"replies":[{"embeddable":true,"href":"https:\/\/www.managero.ro\/articles\/wp-json\/wp\/v2\/comments?post=3116"}],"version-history":[{"count":2,"href":"https:\/\/www.managero.ro\/articles\/wp-json\/wp\/v2\/posts\/3116\/revisions"}],"predecessor-version":[{"id":3119,"href":"https:\/\/www.managero.ro\/articles\/wp-json\/wp\/v2\/posts\/3116\/revisions\/3119"}],"wp:attachment":[{"href":"https:\/\/www.managero.ro\/articles\/wp-json\/wp\/v2\/media?parent=3116"}],"wp:term":[{"taxonomy":"category","embeddable":true,"href":"https:\/\/www.managero.ro\/articles\/wp-json\/wp\/v2\/categories?post=3116"},{"taxonomy":"post_tag","embeddable":true,"href":"https:\/\/www.managero.ro\/articles\/wp-json\/wp\/v2\/tags?post=3116"},{"taxonomy":"yst_prominent_words","embeddable":true,"href":"https:\/\/www.managero.ro\/articles\/wp-json\/wp\/v2\/yst_prominent_words?post=3116"}],"curies":[{"name":"wp","href":"https:\/\/api.w.org\/{rel}","templated":true}]}}