{"id":3104,"date":"2023-11-25T13:12:29","date_gmt":"2023-11-25T13:12:29","guid":{"rendered":"https:\/\/www.managero.ro\/articles\/?p=3104"},"modified":"2023-11-25T13:12:29","modified_gmt":"2023-11-25T13:12:29","slug":"absolventa-de-facultate-sau-menajera","status":"publish","type":"post","link":"https:\/\/www.managero.ro\/articles\/absolventa-de-facultate-sau-menajera\/","title":{"rendered":"Absolvent\u0103 de facultate sau menajer\u0103?"},"content":{"rendered":"<div class=\"feed-shared-inline-show-more-text\n    feed-shared-update-v2__description feed-shared-inline-show-more-text--minimal-padding\n\n    feed-shared-inline-show-more-text--expanded\n\n    \" tabindex=\"-1\" data-artdeco-is-focused=\"true\"><\/p>\n<div class=\"update-components-text relative update-components-update-v2__commentary \" dir=\"ltr\"><span class=\"break-words\n      \"><span dir=\"ltr\">O absolvent\u0103 de facultate g\u0103se\u0219te mult mai u\u0219or un job de menajer\u0103 sau de bon\u0103, \u0219i cu salariu aproape dublu, dec\u00e2t alt job &#8211; \u00een Bucure\u0219ti \u0219i alte mari ora\u0219e, cel pu\u021bin. \u00centrebare: ce crede\u021bi, asta arat\u0103 o evolu\u021bie mai degrab\u0103 pozitiv\u0103 dpdv economic a societ\u0103\u021bii rom\u00e2ne\u0219ti, sau dimpotriv\u0103, una negativ\u0103? <\/span><\/span>Ce crede\u021bi, asta arat\u0103 o evolu\u021bie mai degrab\u0103 pozitiv\u0103 dpdv economic a societ\u0103\u021bii rom\u00e2ne\u0219ti, sau dimpotriv\u0103, una negativ\u0103?<\/div>\n<\/div>\n<p>Vede\u021bi mai jos rezultatele unui sondaj pe care l-am pus pe LinkedIn: <a href=\"https:\/\/www.linkedin.com\/posts\/georgebutunoiu_o-absolvent%C4%83-de-facultate-g%C4%83se%C8%99te-mult-mai-activity-7112677969495535616-hkx6?utm_source=share&amp;utm_medium=member_desktop\">www.linkedin.com\/polls<\/a><\/p>\n<p><a href=\"https:\/\/www.managero.ro\/articles\/wp-content\/uploads\/2023\/11\/New-Picture-32.png\"><img loading=\"lazy\" decoding=\"async\" class=\"alignleft size-full wp-image-3105\" src=\"https:\/\/www.managero.ro\/articles\/wp-content\/uploads\/2023\/11\/New-Picture-32.png\" alt=\"\" width=\"519\" height=\"215\" srcset=\"https:\/\/www.managero.ro\/articles\/wp-content\/uploads\/2023\/11\/New-Picture-32.png 519w, https:\/\/www.managero.ro\/articles\/wp-content\/uploads\/2023\/11\/New-Picture-32-300x124.png 300w\" sizes=\"auto, (max-width: 519px) 100vw, 519px\" \/><\/a><\/p>\n","protected":false},"excerpt":{"rendered":"<p>O absolvent\u0103 de facultate g\u0103se\u0219te mult mai u\u0219or un job de menajer\u0103 sau de bon\u0103, \u0219i cu salariu aproape dublu, dec\u00e2t alt job &#8211; \u00een Bucure\u0219ti \u0219i alte mari ora\u0219e, cel pu\u021bin. \u00centrebare: ce crede\u021bi, asta arat\u0103 o evolu\u021bie mai degrab\u0103 pozitiv\u0103 dpdv economic a societ\u0103\u021bii rom\u00e2ne\u0219ti, sau dimpotriv\u0103, una negativ\u0103? Ce crede\u021bi, asta arat\u0103 [&hellip;]<\/p>\n","protected":false},"author":3,"featured_media":0,"comment_status":"open","ping_status":"open","sticky":false,"template":"","format":"standard","meta":{"_acf_changed":false,"footnotes":""},"categories":[1332],"tags":[],"yst_prominent_words":[],"class_list":["post-3104","post","type-post","status-publish","format-standard","hentry","category-sondaje"],"acf":{"cc_filter":[],"poza_fixa":"https:\/\/www.managero.ro\/articles\/wp-content\/uploads\/2023\/06\/Deputat-roman-luand-licenta.jpg","url_poza_fixa":"","format_poza_fixa":"full-img-4-3","oras":"","sector":"","zona":"","in_strainatate":false,"pian":false,"orga":false,"data1":1700924845,"data2":"","afiseaza_data_post":false,"acf_sala":"","centru_cultural":"","articole_parinte":"","articole_relationate":"","coordonate":false,"tab1_nume":"Despre","tab3":false,"tab5":false,"tab4":false},"yoast_head":"<!-- This site is optimized with the Yoast SEO Premium plugin v14.2 - https:\/\/yoast.com\/wordpress\/plugins\/seo\/ -->\n<meta name=\"robots\" content=\"index, follow\" \/>\n<meta name=\"googlebot\" content=\"index, follow, max-snippet:-1, max-image-preview:large, max-video-preview:-1\" \/>\n<meta name=\"bingbot\" content=\"index, follow, max-snippet:-1, max-image-preview:large, max-video-preview:-1\" \/>\n<link rel=\"canonical\" href=\"https:\/\/www.managero.ro\/articles\/absolventa-de-facultate-sau-menajera\/\" \/>\n<meta property=\"og:locale\" content=\"en_US\" \/>\n<meta property=\"og:type\" content=\"article\" \/>\n<meta property=\"og:title\" content=\"Absolvent\u0103 de facultate sau menajer\u0103? - Managero\" \/>\n<meta property=\"og:description\" content=\"O absolvent\u0103 de facultate g\u0103se\u0219te mult mai u\u0219or un job de menajer\u0103 sau de bon\u0103, \u0219i cu salariu aproape dublu, dec\u00e2t alt job &#8211; \u00een Bucure\u0219ti \u0219i alte mari ora\u0219e, cel pu\u021bin. \u00centrebare: ce crede\u021bi, asta arat\u0103 o evolu\u021bie mai degrab\u0103 pozitiv\u0103 dpdv economic a societ\u0103\u021bii rom\u00e2ne\u0219ti, sau dimpotriv\u0103, una negativ\u0103? Ce crede\u021bi, asta arat\u0103 [&hellip;]\" \/>\n<meta property=\"og:url\" content=\"https:\/\/www.managero.ro\/articles\/absolventa-de-facultate-sau-menajera\/\" \/>\n<meta property=\"og:site_name\" content=\"Managero\" \/>\n<meta property=\"article:published_time\" content=\"2023-11-25T13:12:29+00:00\" \/>\n<meta property=\"og:image\" content=\"https:\/\/www.managero.ro\/articles\/wp-content\/uploads\/2023\/11\/New-Picture-32.png\" \/>\n<meta name=\"twitter:card\" content=\"summary_large_image\" \/>\n<script type=\"application\/ld+json\" class=\"yoast-schema-graph\">{\"@context\":\"https:\/\/schema.org\",\"@graph\":[{\"@type\":\"WebSite\",\"@id\":\"https:\/\/www.managero.ro\/articles\/#website\",\"url\":\"https:\/\/www.managero.ro\/articles\/\",\"name\":\"Managero\",\"description\":\"Online Management Recruitment\",\"potentialAction\":[{\"@type\":\"SearchAction\",\"target\":\"https:\/\/www.managero.ro\/articles\/?s={search_term_string}\",\"query-input\":\"required name=search_term_string\"}],\"inLanguage\":\"en-US\"},{\"@type\":\"ImageObject\",\"@id\":\"https:\/\/www.managero.ro\/articles\/absolventa-de-facultate-sau-menajera\/#primaryimage\",\"inLanguage\":\"en-US\",\"url\":\"https:\/\/www.managero.ro\/articles\/wp-content\/uploads\/2023\/11\/New-Picture-32.png\",\"width\":519,\"height\":215},{\"@type\":\"WebPage\",\"@id\":\"https:\/\/www.managero.ro\/articles\/absolventa-de-facultate-sau-menajera\/#webpage\",\"url\":\"https:\/\/www.managero.ro\/articles\/absolventa-de-facultate-sau-menajera\/\",\"name\":\"Absolvent\\u0103 de facultate sau menajer\\u0103? - Managero\",\"isPartOf\":{\"@id\":\"https:\/\/www.managero.ro\/articles\/#website\"},\"primaryImageOfPage\":{\"@id\":\"https:\/\/www.managero.ro\/articles\/absolventa-de-facultate-sau-menajera\/#primaryimage\"},\"datePublished\":\"2023-11-25T13:12:29+00:00\",\"dateModified\":\"2023-11-25T13:12:29+00:00\",\"author\":{\"@id\":\"https:\/\/www.managero.ro\/articles\/#\/schema\/person\/e9fb87189259feccc7ec8d3e553a551c\"},\"inLanguage\":\"en-US\",\"potentialAction\":[{\"@type\":\"ReadAction\",\"target\":[\"https:\/\/www.managero.ro\/articles\/absolventa-de-facultate-sau-menajera\/\"]}]},{\"@type\":[\"Person\"],\"@id\":\"https:\/\/www.managero.ro\/articles\/#\/schema\/person\/e9fb87189259feccc7ec8d3e553a551c\",\"name\":\"George Butunoiu\",\"image\":{\"@type\":\"ImageObject\",\"@id\":\"https:\/\/www.managero.ro\/articles\/#personlogo\",\"inLanguage\":\"en-US\",\"url\":\"https:\/\/secure.gravatar.com\/avatar\/89c187ed2ae04eb93934b0547ec74260f4916e9e6d474dc9fc60e42c6f3533f1?s=96&d=mm&r=g\",\"caption\":\"George Butunoiu\"}}]}<\/script>\n<!-- \/ Yoast SEO Premium plugin. -->","_links":{"self":[{"href":"https:\/\/www.managero.ro\/articles\/wp-json\/wp\/v2\/posts\/3104","targetHints":{"allow":["GET"]}}],"collection":[{"href":"https:\/\/www.managero.ro\/articles\/wp-json\/wp\/v2\/posts"}],"about":[{"href":"https:\/\/www.managero.ro\/articles\/wp-json\/wp\/v2\/types\/post"}],"author":[{"embeddable":true,"href":"https:\/\/www.managero.ro\/articles\/wp-json\/wp\/v2\/users\/3"}],"replies":[{"embeddable":true,"href":"https:\/\/www.managero.ro\/articles\/wp-json\/wp\/v2\/comments?post=3104"}],"version-history":[{"count":2,"href":"https:\/\/www.managero.ro\/articles\/wp-json\/wp\/v2\/posts\/3104\/revisions"}],"predecessor-version":[{"id":3107,"href":"https:\/\/www.managero.ro\/articles\/wp-json\/wp\/v2\/posts\/3104\/revisions\/3107"}],"wp:attachment":[{"href":"https:\/\/www.managero.ro\/articles\/wp-json\/wp\/v2\/media?parent=3104"}],"wp:term":[{"taxonomy":"category","embeddable":true,"href":"https:\/\/www.managero.ro\/articles\/wp-json\/wp\/v2\/categories?post=3104"},{"taxonomy":"post_tag","embeddable":true,"href":"https:\/\/www.managero.ro\/articles\/wp-json\/wp\/v2\/tags?post=3104"},{"taxonomy":"yst_prominent_words","embeddable":true,"href":"https:\/\/www.managero.ro\/articles\/wp-json\/wp\/v2\/yst_prominent_words?post=3104"}],"curies":[{"name":"wp","href":"https:\/\/api.w.org\/{rel}","templated":true}]}}