{"id":2896,"date":"2023-10-14T11:02:36","date_gmt":"2023-10-14T11:02:36","guid":{"rendered":"https:\/\/www.managero.ro\/articles\/?p=2896"},"modified":"2023-10-14T11:04:19","modified_gmt":"2023-10-14T11:04:19","slug":"ce-poate-fi-mai-reconfortant-decat-sa-stii-ca-niciun-ai-nu-te-va-putea-inlocui","status":"publish","type":"post","link":"https:\/\/www.managero.ro\/articles\/ce-poate-fi-mai-reconfortant-decat-sa-stii-ca-niciun-ai-nu-te-va-putea-inlocui\/","title":{"rendered":"Ce poate fi mai reconfortant dec\u00e2t s\u0103 \u0219tii c\u0103 niciun AI nu te va putea \u00eenlocui?"},"content":{"rendered":"<p>Un partener al nostru \u00ee\u0219i mut\u0103 birourile. A mutat deja mobila \u0219i acum mut\u0103 lucrurile m\u0103runte. A adus o echip\u0103 de 7 oameni s\u0103 duc\u0103 \u00een camion lucrurile \u00eempachetate, apoi alte echipe le preiau \u00een noul sediu. Am stat mai bine de jum\u0103tate de ceas s\u0103 m\u0103 uit la toate echipele de muncitori, de la 4 firme diferite.<\/p>\n<p>Fac adesea asta, c\u00e2nd am timp, m\u0103 uit cu aten\u021bie la ce fac \u0219i cum muncesc oamenii \u00een timpul programului, cu ce ritm, ce alte activit\u0103\u021bi fac, dac\u0103 trec pe l\u00e2ng\u0103 un bec care nu ar trebui s\u0103 ard\u0103 \u0219i \u00eel sting sau nu, c\u00e2te prosoape de h\u00e2rtie folosesc c\u00e2nd se spal\u0103 pe m\u00e2ini, ce fac \u00een buc\u0103t\u0103rie, unde fumeaz\u0103 \u0219i ce discut\u0103 \u00een timpul \u0103sta&#8230;<\/p>\n<p>Sigur, toat\u0103 lumea \u0219tie cum se fac adesea aceste munci manuale elementare. Am vrut s\u0103 fac o poz\u0103 unuia care ducea o vaz\u0103 mic\u0103 \u0219i o carte. At\u00e2t. Nu \u0219tiu de unde le-a luat, pentru c\u0103 aproape toate lucrurile erau \u00eempachetate. A cobor\u00e2t cu ele de la etajul 1, a traversat un hol foarte lung, a cobor\u00e2t multe sc\u0103ri, a traversat curtea, a mers pe trotuar p\u00e2n\u0103 la camion \u0219i acolo nu mai \u0219tiu ce a f\u0103cut, c\u0103 \u00eel vedeam deja de departe. Apoi s-a \u00eentors \u0219i a f\u0103cut la fel c\u00e2t am stat eu acolo. Nu l-am pozat, totu\u0219i&#8230;<\/p>\n<p>Da, po\u021bi s\u0103 fii de acord c\u0103 \u00een 2023 toamna \u00een Europa nu mai po\u021bi cere oamenilor, blue collars sau oricui altceva, s\u0103 care mai multe lucruri deodat\u0103, \u0219i c\u0103 odihna angajatului e \u00eenscris\u0103 cu litere de foc \u00een legisla\u021bie. Chiar dac\u0103 ceasul arat\u0103 nou\u0103 diminea\u021ba, c\u00e2t era c\u00e2nd m\u0103 uitam eu la ei.<\/p>\n<p>Dar adev\u0103rata semnifica\u021bie e \u00een alt\u0103 parte. Cu excep\u021bia unuia, ceilal\u021bi 6 mergeau foarte \u00eencet. Nu \u00eencet \u00een sensul c\u0103 nu se gr\u0103beau, ci inten\u021bionat \u00eencet, lent, cu \u00eencetinitorul. \u0218i asta inten\u021bionat, repet, ar fi fost evident pentru oricine, nu doar pentru mine, care sunt hiperspecializat \u00een depistarea inten\u021biei \u0219i \u00een analiza \u0219i corelarea microdetaliilor.<\/p>\n<p>C\u00e2nd este vorba despre mers, \u0219i de mi\u0219care, \u00een general, iei \u00eentotdeauna \u00een calcul cele trei niveluri de ritm: alert, normal \u0219i lent. C\u00e2t prive\u0219te pe cei de mai sus, nu era lentoarea omului care merge agale, doar de plimbare, de pl\u0103cere, ci mai lent dec\u00e2t at\u00e2t. Or, asta a cerut un efort din partea lor!<\/p>\n<p>Face\u021bi un mic experiment \u0219i reduce\u021bi la jum\u0103tate viteza\/ ritmul unei activit\u0103\u021bi obi\u0219nuite \u0219i \u00eencerca\u021bi s\u0103 men\u021bine\u021bi acest ritm o jum\u0103tate de ceas. A\u021bi v\u0103zut c\u0103 este mai obositor s\u0103 face\u021bi asta, dec\u00e2t s\u0103 lucra\u021bi la un ritm normal, uzual?<\/p>\n<p>\u0218i da, evident, muncitorii aceia nu se mi\u0219cau cu \u00eencetinitorul ca s\u0103-\u0219i menajeze energia, ci pentru c\u0103 a\u0219a au decis ei, ca s\u0103-i fac\u0103 un r\u0103u angajatorului. Chiar dac\u0103 \u0219i pe ei \u00eei obosea mai tare aceast\u0103 corec\u021bie aplicat\u0103 angajatorului. \u0218i poate c\u0103 pierdeau \u0219i ni\u0219te bani la sf\u00e2r\u0219itul zilei.<\/p>\n<p>Celelalte trei echipe, de la noul sediu, au f\u0103cut exact la fel. \u0218i cei care construiau nu \u0219tiu ce acolo, \u0219i cei care montau mobilierul \u0219i cei care c\u0103rau lucrurile. Nu se cuno\u0219teau \u00eentre ei, veneau de la trei firme diferite, deci nu cred c\u0103 s-ar g\u00e2ndi cineva c\u0103 s-or fi vorbit \u00eentre ei dinainte. Nu am v\u0103zut nici m\u0103car pe unul singur care s\u0103 lucreze \u00een ritm alert. C\u00e2\u021biva (foarte pu\u021bini, oricum) lucrau \u00eentr-un ritm normal, iar ceilal\u021bi lent sau foarte lent. S\u0103 fi fost vreunul sau doi dintre cei len\u021bi care o fi avut o durere de \u0219ale sau alt bete\u0219ug medical, \u00eens\u0103 ceilal\u021bi f\u0103ceau asta inten\u021bionat.<\/p>\n<p>Scriu nu pentru c\u0103 a fost ceva ce nu \u0219tiam, pentru c\u0103 acum am v\u0103zut asta prima dat\u0103. Ci pentru cei care \u00eenc\u0103 nu m\u0103 cred c\u00e2nd spun \u2013 de zeci de ani, nu de ieri, de azi \u2013 c\u0103 o bun\u0103 parte din angaja\u021bi (\u0219i cei blue collars, \u00eendeosebi) \u00eei ur\u0103sc visceral pe angajatori. \u0218i nu pierd nicio ocazie s\u0103 se r\u0103zbune. Chiar \u0219i c\u00e2nd \u0219tiu bine c\u0103 ar putea c\u00e2\u0219tiga c\u00e2\u021biva b\u0103nu\u021bi \u00een plus nef\u0103c\u00e2nd asta. Dar r\u0103zbunarea e \u00eentotdeauna mai dulce dec\u00e2t o prim\u0103, o m\u0103rire de leaf\u0103 sau o avansare. \u0218i, \u00een plus, ce poate fi mai reconfortant dec\u00e2t s\u0103 \u0219tii c\u0103 niciun AI nu te va putea \u00eenlocui pe timpul vie\u021bii tale? (George Butunoiu \u2013 octombrie 2023)<\/p>\n","protected":false},"excerpt":{"rendered":"<p>Un partener al nostru \u00ee\u0219i mut\u0103 birourile. A mutat deja mobila \u0219i acum mut\u0103 lucrurile m\u0103runte. A adus o echip\u0103 de 7 oameni s\u0103 duc\u0103 \u00een camion lucrurile \u00eempachetate, apoi alte echipe le preiau \u00een noul sediu. Am stat mai bine de jum\u0103tate de ceas s\u0103 m\u0103 uit la toate echipele de muncitori, de la [&hellip;]<\/p>\n","protected":false},"author":3,"featured_media":0,"comment_status":"open","ping_status":"open","sticky":false,"template":"","format":"standard","meta":{"_acf_changed":false,"footnotes":""},"categories":[1311],"tags":[],"yst_prominent_words":[615,386,492,278,317,418,374,405,441,312],"class_list":["post-2896","post","type-post","status-publish","format-standard","hentry","category-hard-working-managers"],"acf":{"cc_filter":[],"poza_fixa":"https:\/\/www.managero.ro\/articles\/wp-content\/uploads\/2021\/03\/George-Butunoiu-Managero.jpg","url_poza_fixa":"","format_poza_fixa":"full-img-4-3","oras":"","sector":"","zona":"","in_strainatate":false,"pian":false,"orga":false,"data1":1697291648,"data2":"","afiseaza_data_post":false,"acf_sala":"","centru_cultural":"","articole_parinte":"","articole_relationate":"","coordonate":false,"tab1_nume":"Despre","tab3":false,"tab5":false,"tab4":false},"yoast_head":"<!-- This site is optimized with the Yoast SEO Premium plugin v14.2 - https:\/\/yoast.com\/wordpress\/plugins\/seo\/ -->\n<meta name=\"description\" content=\"Nu mai po\u021bi cere oamenilor, blue collars s\u0103 care mai multe lucruri deodat\u0103, \u0219i c\u0103 odihna angajatului e \u00eenscris\u0103 cu litere de foc \u00een legisla\u021bie.\" \/>\n<meta name=\"robots\" content=\"index, follow\" \/>\n<meta name=\"googlebot\" content=\"index, follow, max-snippet:-1, max-image-preview:large, max-video-preview:-1\" \/>\n<meta name=\"bingbot\" content=\"index, follow, max-snippet:-1, max-image-preview:large, max-video-preview:-1\" \/>\n<link rel=\"canonical\" href=\"https:\/\/www.managero.ro\/articles\/ce-poate-fi-mai-reconfortant-decat-sa-stii-ca-niciun-ai-nu-te-va-putea-inlocui\/\" \/>\n<meta property=\"og:locale\" content=\"en_US\" \/>\n<meta property=\"og:type\" content=\"article\" \/>\n<meta property=\"og:title\" content=\"Ce poate fi mai reconfortant dec\u00e2t s\u0103 \u0219tii c\u0103 AI nu te va putea \u00eenlocui?\" \/>\n<meta property=\"og:description\" content=\"Muncitorii aceia nu se mi\u0219cau cu \u00eencetinitorul ca s\u0103-\u0219i menajeze energia, ci pentru c\u0103 a\u0219a au decis ei, ca s\u0103-i fac\u0103 un r\u0103u angajatorului. Chiar dac\u0103 \u0219i pe ei \u00eei obosea mai tare aceast\u0103 corec\u021bie aplicat\u0103 angajatorului. \u0218i poate c\u0103 pierdeau \u0219i ni\u0219te bani la sf\u00e2r\u0219itul zilei.\" \/>\n<meta property=\"og:url\" content=\"https:\/\/www.managero.ro\/articles\/ce-poate-fi-mai-reconfortant-decat-sa-stii-ca-niciun-ai-nu-te-va-putea-inlocui\/\" \/>\n<meta property=\"og:site_name\" content=\"Managero\" \/>\n<meta property=\"article:published_time\" content=\"2023-10-14T11:02:36+00:00\" \/>\n<meta property=\"article:modified_time\" content=\"2023-10-14T11:04:19+00:00\" \/>\n<meta property=\"og:image\" content=\"https:\/\/www.managero.ro\/articles\/wp-content\/uploads\/2021\/03\/George-Butunoiu-Managero.jpg\" \/>\n\t<meta property=\"og:image:width\" content=\"1024\" \/>\n\t<meta property=\"og:image:height\" content=\"683\" \/>\n<meta name=\"twitter:card\" content=\"summary_large_image\" \/>\n<script type=\"application\/ld+json\" class=\"yoast-schema-graph\">{\"@context\":\"https:\/\/schema.org\",\"@graph\":[{\"@type\":\"WebSite\",\"@id\":\"https:\/\/www.managero.ro\/articles\/#website\",\"url\":\"https:\/\/www.managero.ro\/articles\/\",\"name\":\"Managero\",\"description\":\"Online Management Recruitment\",\"potentialAction\":[{\"@type\":\"SearchAction\",\"target\":\"https:\/\/www.managero.ro\/articles\/?s={search_term_string}\",\"query-input\":\"required name=search_term_string\"}],\"inLanguage\":\"en-US\"},{\"@type\":\"WebPage\",\"@id\":\"https:\/\/www.managero.ro\/articles\/ce-poate-fi-mai-reconfortant-decat-sa-stii-ca-niciun-ai-nu-te-va-putea-inlocui\/#webpage\",\"url\":\"https:\/\/www.managero.ro\/articles\/ce-poate-fi-mai-reconfortant-decat-sa-stii-ca-niciun-ai-nu-te-va-putea-inlocui\/\",\"name\":\"Ce poate fi mai reconfortant dec\\u00e2t s\\u0103 \\u0219tii c\\u0103 AI nu te va putea \\u00eenlocui?\",\"isPartOf\":{\"@id\":\"https:\/\/www.managero.ro\/articles\/#website\"},\"datePublished\":\"2023-10-14T11:02:36+00:00\",\"dateModified\":\"2023-10-14T11:04:19+00:00\",\"author\":{\"@id\":\"https:\/\/www.managero.ro\/articles\/#\/schema\/person\/e9fb87189259feccc7ec8d3e553a551c\"},\"description\":\"Nu mai po\\u021bi cere oamenilor, blue collars s\\u0103 care mai multe lucruri deodat\\u0103, \\u0219i c\\u0103 odihna angajatului e \\u00eenscris\\u0103 cu litere de foc \\u00een legisla\\u021bie.\",\"inLanguage\":\"en-US\",\"potentialAction\":[{\"@type\":\"ReadAction\",\"target\":[\"https:\/\/www.managero.ro\/articles\/ce-poate-fi-mai-reconfortant-decat-sa-stii-ca-niciun-ai-nu-te-va-putea-inlocui\/\"]}]},{\"@type\":[\"Person\"],\"@id\":\"https:\/\/www.managero.ro\/articles\/#\/schema\/person\/e9fb87189259feccc7ec8d3e553a551c\",\"name\":\"George Butunoiu\",\"image\":{\"@type\":\"ImageObject\",\"@id\":\"https:\/\/www.managero.ro\/articles\/#personlogo\",\"inLanguage\":\"en-US\",\"url\":\"https:\/\/secure.gravatar.com\/avatar\/89c187ed2ae04eb93934b0547ec74260f4916e9e6d474dc9fc60e42c6f3533f1?s=96&d=mm&r=g\",\"caption\":\"George Butunoiu\"}}]}<\/script>\n<!-- \/ Yoast SEO Premium plugin. -->","_links":{"self":[{"href":"https:\/\/www.managero.ro\/articles\/wp-json\/wp\/v2\/posts\/2896","targetHints":{"allow":["GET"]}}],"collection":[{"href":"https:\/\/www.managero.ro\/articles\/wp-json\/wp\/v2\/posts"}],"about":[{"href":"https:\/\/www.managero.ro\/articles\/wp-json\/wp\/v2\/types\/post"}],"author":[{"embeddable":true,"href":"https:\/\/www.managero.ro\/articles\/wp-json\/wp\/v2\/users\/3"}],"replies":[{"embeddable":true,"href":"https:\/\/www.managero.ro\/articles\/wp-json\/wp\/v2\/comments?post=2896"}],"version-history":[{"count":3,"href":"https:\/\/www.managero.ro\/articles\/wp-json\/wp\/v2\/posts\/2896\/revisions"}],"predecessor-version":[{"id":2899,"href":"https:\/\/www.managero.ro\/articles\/wp-json\/wp\/v2\/posts\/2896\/revisions\/2899"}],"wp:attachment":[{"href":"https:\/\/www.managero.ro\/articles\/wp-json\/wp\/v2\/media?parent=2896"}],"wp:term":[{"taxonomy":"category","embeddable":true,"href":"https:\/\/www.managero.ro\/articles\/wp-json\/wp\/v2\/categories?post=2896"},{"taxonomy":"post_tag","embeddable":true,"href":"https:\/\/www.managero.ro\/articles\/wp-json\/wp\/v2\/tags?post=2896"},{"taxonomy":"yst_prominent_words","embeddable":true,"href":"https:\/\/www.managero.ro\/articles\/wp-json\/wp\/v2\/yst_prominent_words?post=2896"}],"curies":[{"name":"wp","href":"https:\/\/api.w.org\/{rel}","templated":true}]}}