{"id":2713,"date":"2023-07-05T04:00:36","date_gmt":"2023-07-05T04:00:36","guid":{"rendered":"https:\/\/www.managero.ro\/articles\/?p=2713"},"modified":"2023-07-05T04:00:36","modified_gmt":"2023-07-05T04:00:36","slug":"daca-vreti-sa-intrati-pentru-cateva-minute-in-mintea-unui-recrutor","status":"publish","type":"post","link":"https:\/\/www.managero.ro\/articles\/daca-vreti-sa-intrati-pentru-cateva-minute-in-mintea-unui-recrutor\/","title":{"rendered":"Dac\u0103 vre\u021bi s\u0103 intra\u021bi pentru c\u00e2teva minute \u00een mintea unui recrutor"},"content":{"rendered":"<p>Primesc un CV de la un candidat pentru un post de director general la o firm\u0103 cu c\u00e2teva sute de angaja\u021bi. \u00cen CV, la numele angajatorului actual scria \u201eConfiden\u021bial\u201d. Pe ansamblu, chiar \u0219i f\u0103r\u0103 numele angajatorului, se potrivea cu profilul c\u0103utat, av\u00e2nd chiar mai multe pozi\u021bii de director general \u00een trecut. \u00cens\u0103 \u00eei r\u0103spund spun\u00e2ndu-i c\u0103 deoarece consider jignitoare o astfel de pozi\u021bionare fa\u021b\u0103 de o firm\u0103 a\u0219ezat\u0103 de executive search, nu voi lua \u00een considerare candidatura.<\/p>\n<p>Peste c\u00e2teva zile primesc urm\u0103torul mesaj (copy\/paste):<\/p>\n<p><span style=\"color: #800080;\">Domnule Butunoiu,<\/span><br \/>\n<span style=\"color: #800080;\">Va multumesc foarte mult pentru raspunsul dumneavoastra.Nu am trimis mai mult de 10 CV in ultimii doi ani dar este pentru prima data cand primesc un asemenea raspuns. Desi m-a intristat apreciez extrem de mult sinceritatea dumeavoastra. Chiar nu stiu cum sa ma pozitionez fata de o astfel de firma .Nu am experienta , este a doua oara cand redactez un CV ( , nu stiu cum cum sa formulez o scrisoare de intentie sau cum sa abordez un angajator \/ o firma de executive research.Daca aveti ceva sugestii in acest sens , m-ar ajuta foarte mult.<\/span><br \/>\n<span style=\"color: #800080;\">Am scris CONFIDENTIAL in CV ( am vazut postarea dumneavoastra si m-am simtit vizata) nu pentru ca nu doresc comunicarea angajatorului ci pentru ca acesta nu exista , eu desfasurand niste activitati mai de free lancer sa zic asa, fara a avea insa un angajator anume.<\/span><br \/>\n<span style=\"color: #800080;\">Cu deosebita consideratie,<\/span><br \/>\n<span style=\"color: #800080;\">X<\/span><\/p>\n<p>Poate c\u0103 a\u0219 fi luat \u00een calcul, totu\u0219i, pentru un post de director general la o astfel de firm\u0103, pe cineva care nu \u00ee\u0219i asum\u0103 nici m\u0103car un risc at\u00e2t de comun, cum e comunicarea numelui angajatorului actual. Posibil s\u0103 o fi f\u0103cut, adic\u0103 s\u0103 merg mai departe cu el, de\u0219i pu\u021bin probabil. \u00cens\u0103 \u00een cele c\u00e2teva r\u00e2nduri primite ulterior am g\u0103sit cel pu\u021bin trei motive pentru care eu consider c\u0103 acest domn nu este potrivit cu un job de director general, chiar \u0219i la o companie mai mic\u0103 dec\u00e2t cea \u00een cauz\u0103. Iat\u0103-le:<\/p>\n<ol>\n<li><span style=\"color: #800080;\">\u201eChiar nu stiu cum sa ma pozitionez fata de o astfel de firma\u201d<\/span> \u2013 Deci, dac\u0103 nu \u0219tie cum s\u0103 se pozi\u021bioneze fa\u021b\u0103 de o firm\u0103 de recrutare, care e printre cele mai simple posibil, mai previzibile \u0219i mai bine documentate interac\u021biuni pe Internet \u0219i pe oriunde, oare cum s-ar pozi\u021biona fa\u021b\u0103 de un client sau un furnizor dificil, fa\u021b\u0103 de o criz\u0103 major\u0103 sau cine \u0219tie fa\u021b\u0103 de ce altceva?<\/li>\n<li><span style=\"color: #800080;\">\u201eNu am experienta , este a doua oara cand redactez un CV ( , nu stiu cum cum sa formulez o scrisoare de intentie sau cum sa abordez un angajator \/ o firma de executive research.Daca aveti ceva sugestii in acest sens , m-ar ajuta foarte mult.\u201d<\/span> \u2013 Deci, dac\u0103 \u00ee\u021bi trebuie \u201eexperien\u021b\u0103\u201d ca s\u0103 concepi \u0219i s\u0103 redactezi un CV, care e cel mai simplu lucru din lume (\u0219i nu doar pentru c\u0103 \u00eel \u0219tii pe de rost, \u0219i cu okii \u00eenchi\u0219i), oare cum ai face cu lucrurile infinit mai complicate??? \u0218i cum s\u0103 nu \u0219tii, \u0219i s\u0103 ai nevoie de ajutor ca s\u0103 abordezi un angajator, dup\u0103 ce ai fost at\u00e2\u021bia ani tu \u00eensu\u021bi unul, chiar din postul de director general??? \u0218i s\u0103 ai nevoie de sfaturi ca s\u0103 abordezi o firm\u0103 de executive (re)search???<\/li>\n<li><span style=\"color: #800080;\">\u201eAm scris CONFIDENTIAL in CV ( am vazut postarea dumneavoastra si m-am simtit vizata) nu pentru ca nu doresc comunicarea angajatorului ci pentru ca acesta nu exista , eu desfasurand niste activitati mai de free lancer sa zic asa, fara a avea insa un angajator anume.\u201d<\/span> \u2013 Eroare elementar\u0103 de calcul, dar cu miz\u0103 mare \u0219i consecin\u021be serioase. Probabilitatea s\u0103 fac\u0103 multe astfel de erori de judecat\u0103, dar cu consecin\u021be serioase, e mare, ceea ce face riscant\u0103 recomandarea lui pe un post de director general.<\/li>\n<\/ol>\n<p>A\u0219adar, cam a\u0219a arat\u0103 ra\u021bionamentul unuia dintre recrutorii de pe pia\u021b\u0103. \u0218i, ca s\u0103 fie lucrurile infinit mai complicate, ve\u021bi g\u0103si recrutori care fac ra\u021bionamente exact opuse \u0219i care ajung la cu totul alte concluzii, pe cale de consecin\u021b\u0103. Deci, ce s\u0103 fac\u0103 un candidat \u00een aceast\u0103 situa\u021bie, pe cine s\u0103 cread\u0103 \u0219i dup\u0103 cine s\u0103 se ia? \ud83d\ude0a (<a href=\"http:\/\/www.gbproperties.ro\">George Butunoiu<\/a> &#8211; iulie 2023)<\/p>\n<p>&nbsp;<\/p>\n","protected":false},"excerpt":{"rendered":"<p>Primesc un CV de la un candidat pentru un post de director general la o firm\u0103 cu c\u00e2teva sute de angaja\u021bi. \u00cen CV, la numele angajatorului actual scria \u201eConfiden\u021bial\u201d. Pe ansamblu, chiar \u0219i f\u0103r\u0103 numele angajatorului, se potrivea cu profilul c\u0103utat, av\u00e2nd chiar mai multe pozi\u021bii de director general \u00een trecut. \u00cens\u0103 \u00eei r\u0103spund spun\u00e2ndu-i [&hellip;]<\/p>\n","protected":false},"author":3,"featured_media":0,"comment_status":"open","ping_status":"open","sticky":false,"template":"","format":"standard","meta":{"_acf_changed":false,"footnotes":""},"categories":[1293],"tags":[],"yst_prominent_words":[],"class_list":["post-2713","post","type-post","status-publish","format-standard","hentry","category-cv-urile"],"acf":{"cc_filter":[],"poza_fixa":"https:\/\/www.managero.ro\/articles\/wp-content\/uploads\/2021\/03\/George-Butunoiu-Managero.jpg","url_poza_fixa":"","format_poza_fixa":"full-img-4-3","oras":"","sector":"","zona":"","in_strainatate":false,"pian":false,"orga":false,"data1":1688539999,"data2":"","afiseaza_data_post":false,"acf_sala":"","centru_cultural":"","articole_parinte":"","articole_relationate":"","coordonate":false,"tab1_nume":"Despre","tab3":false,"tab5":false,"tab4":false},"yoast_head":"<!-- This site is optimized with the Yoast SEO Premium plugin v14.2 - https:\/\/yoast.com\/wordpress\/plugins\/seo\/ -->\n<meta name=\"description\" content=\"Cam a\u0219a arat\u0103 ra\u021bionamentul unuia dintre recrutorii de pe pia\u021b\u0103. \u0218i, ca s\u0103 fie lucrurile mai complicate, ve\u021bi g\u0103si recrutori care fac ra\u021bionamente...\" \/>\n<meta name=\"robots\" content=\"index, follow\" \/>\n<meta name=\"googlebot\" content=\"index, follow, max-snippet:-1, max-image-preview:large, max-video-preview:-1\" \/>\n<meta name=\"bingbot\" content=\"index, follow, max-snippet:-1, max-image-preview:large, max-video-preview:-1\" \/>\n<link rel=\"canonical\" href=\"https:\/\/www.managero.ro\/articles\/daca-vreti-sa-intrati-pentru-cateva-minute-in-mintea-unui-recrutor\/\" \/>\n<meta property=\"og:locale\" content=\"en_US\" \/>\n<meta property=\"og:type\" content=\"article\" \/>\n<meta property=\"og:title\" content=\"Dac\u0103 vre\u021bi s\u0103 intra\u021bi pentru c\u00e2teva minute \u00een mintea unui recrutor\" \/>\n<meta property=\"og:description\" content=\"Primesc un CV de la un candidat pentru un post de director general la o firm\u0103 cu c\u00e2teva sute de angaja\u021bi. Pe ansamblu, chiar \u0219i f\u0103r\u0103 numele angajatorului, se potrivea cu profilul c\u0103utat, av\u00e2nd chiar mai multe pozi\u021bii de director general \u00een trecut.\" \/>\n<meta property=\"og:url\" content=\"https:\/\/www.managero.ro\/articles\/daca-vreti-sa-intrati-pentru-cateva-minute-in-mintea-unui-recrutor\/\" \/>\n<meta property=\"og:site_name\" content=\"Managero\" \/>\n<meta property=\"article:published_time\" content=\"2023-07-05T04:00:36+00:00\" \/>\n<meta property=\"og:image\" content=\"https:\/\/www.managero.ro\/articles\/wp-content\/uploads\/2021\/03\/George-Butunoiu-Managero.jpg\" \/>\n\t<meta property=\"og:image:width\" content=\"1024\" \/>\n\t<meta property=\"og:image:height\" content=\"683\" \/>\n<meta name=\"twitter:card\" content=\"summary_large_image\" \/>\n<script type=\"application\/ld+json\" class=\"yoast-schema-graph\">{\"@context\":\"https:\/\/schema.org\",\"@graph\":[{\"@type\":\"WebSite\",\"@id\":\"https:\/\/www.managero.ro\/articles\/#website\",\"url\":\"https:\/\/www.managero.ro\/articles\/\",\"name\":\"Managero\",\"description\":\"Online Management Recruitment\",\"potentialAction\":[{\"@type\":\"SearchAction\",\"target\":\"https:\/\/www.managero.ro\/articles\/?s={search_term_string}\",\"query-input\":\"required name=search_term_string\"}],\"inLanguage\":\"en-US\"},{\"@type\":\"WebPage\",\"@id\":\"https:\/\/www.managero.ro\/articles\/daca-vreti-sa-intrati-pentru-cateva-minute-in-mintea-unui-recrutor\/#webpage\",\"url\":\"https:\/\/www.managero.ro\/articles\/daca-vreti-sa-intrati-pentru-cateva-minute-in-mintea-unui-recrutor\/\",\"name\":\"Dac\\u0103 vre\\u021bi s\\u0103 intra\\u021bi pentru c\\u00e2teva minute \\u00een mintea unui recrutor\",\"isPartOf\":{\"@id\":\"https:\/\/www.managero.ro\/articles\/#website\"},\"datePublished\":\"2023-07-05T04:00:36+00:00\",\"dateModified\":\"2023-07-05T04:00:36+00:00\",\"author\":{\"@id\":\"https:\/\/www.managero.ro\/articles\/#\/schema\/person\/e9fb87189259feccc7ec8d3e553a551c\"},\"description\":\"Cam a\\u0219a arat\\u0103 ra\\u021bionamentul unuia dintre recrutorii de pe pia\\u021b\\u0103. \\u0218i, ca s\\u0103 fie lucrurile mai complicate, ve\\u021bi g\\u0103si recrutori care fac ra\\u021bionamente...\",\"inLanguage\":\"en-US\",\"potentialAction\":[{\"@type\":\"ReadAction\",\"target\":[\"https:\/\/www.managero.ro\/articles\/daca-vreti-sa-intrati-pentru-cateva-minute-in-mintea-unui-recrutor\/\"]}]},{\"@type\":[\"Person\"],\"@id\":\"https:\/\/www.managero.ro\/articles\/#\/schema\/person\/e9fb87189259feccc7ec8d3e553a551c\",\"name\":\"George Butunoiu\",\"image\":{\"@type\":\"ImageObject\",\"@id\":\"https:\/\/www.managero.ro\/articles\/#personlogo\",\"inLanguage\":\"en-US\",\"url\":\"https:\/\/secure.gravatar.com\/avatar\/89c187ed2ae04eb93934b0547ec74260f4916e9e6d474dc9fc60e42c6f3533f1?s=96&d=mm&r=g\",\"caption\":\"George Butunoiu\"}}]}<\/script>\n<!-- \/ Yoast SEO Premium plugin. -->","_links":{"self":[{"href":"https:\/\/www.managero.ro\/articles\/wp-json\/wp\/v2\/posts\/2713","targetHints":{"allow":["GET"]}}],"collection":[{"href":"https:\/\/www.managero.ro\/articles\/wp-json\/wp\/v2\/posts"}],"about":[{"href":"https:\/\/www.managero.ro\/articles\/wp-json\/wp\/v2\/types\/post"}],"author":[{"embeddable":true,"href":"https:\/\/www.managero.ro\/articles\/wp-json\/wp\/v2\/users\/3"}],"replies":[{"embeddable":true,"href":"https:\/\/www.managero.ro\/articles\/wp-json\/wp\/v2\/comments?post=2713"}],"version-history":[{"count":1,"href":"https:\/\/www.managero.ro\/articles\/wp-json\/wp\/v2\/posts\/2713\/revisions"}],"predecessor-version":[{"id":2714,"href":"https:\/\/www.managero.ro\/articles\/wp-json\/wp\/v2\/posts\/2713\/revisions\/2714"}],"wp:attachment":[{"href":"https:\/\/www.managero.ro\/articles\/wp-json\/wp\/v2\/media?parent=2713"}],"wp:term":[{"taxonomy":"category","embeddable":true,"href":"https:\/\/www.managero.ro\/articles\/wp-json\/wp\/v2\/categories?post=2713"},{"taxonomy":"post_tag","embeddable":true,"href":"https:\/\/www.managero.ro\/articles\/wp-json\/wp\/v2\/tags?post=2713"},{"taxonomy":"yst_prominent_words","embeddable":true,"href":"https:\/\/www.managero.ro\/articles\/wp-json\/wp\/v2\/yst_prominent_words?post=2713"}],"curies":[{"name":"wp","href":"https:\/\/api.w.org\/{rel}","templated":true}]}}