{"id":2571,"date":"2023-05-28T08:22:21","date_gmt":"2023-05-28T08:22:21","guid":{"rendered":"https:\/\/www.managero.ro\/articles\/?p=2571"},"modified":"2023-05-28T08:22:21","modified_gmt":"2023-05-28T08:22:21","slug":"aveti-grija-pe-cine-aparati-de-cine","status":"publish","type":"post","link":"https:\/\/www.managero.ro\/articles\/aveti-grija-pe-cine-aparati-de-cine\/","title":{"rendered":"Ave\u021bi grij\u0103 pe cine ap\u0103ra\u021bi de cine"},"content":{"rendered":"<p><a href=\"https:\/\/www.managero.ro\/articles\/wp-content\/uploads\/2023\/05\/Doi-oameni-care-muncesc-din-greu.jpg\"><img loading=\"lazy\" decoding=\"async\" class=\"no-border alignnone wp-image-2572\" title=\"Doi oameni care muncesc din greu\" src=\"https:\/\/www.managero.ro\/articles\/wp-content\/uploads\/2023\/05\/Doi-oameni-care-muncesc-din-greu.jpg\" alt=\"Doi oameni care muncesc din greu\" width=\"520\" height=\"337\" srcset=\"https:\/\/www.managero.ro\/articles\/wp-content\/uploads\/2023\/05\/Doi-oameni-care-muncesc-din-greu.jpg 736w, https:\/\/www.managero.ro\/articles\/wp-content\/uploads\/2023\/05\/Doi-oameni-care-muncesc-din-greu-300x194.jpg 300w\" sizes=\"auto, (max-width: 520px) 100vw, 520px\" \/><\/a><\/p>\n<p>Am pus poza aceasta pe Internet. Mi-a pl\u0103cut cum a ie\u0219it \u0219i ce exprim\u0103. Cu toat\u0103 simpatia \u0219i solidaritatea pentru cei doi oameni care muncesc din greu, departe de femeile lor \u0219i de copii, ca s\u0103 poat\u0103 s\u0103 le trimit\u0103 c\u00e2\u021biva bani la sf\u00e2r\u0219itul lunii, \u0219i mica bucurie c\u0103 \u00eenc\u0103 mai au puterea s\u0103 z\u00e2mbeasc\u0103 la poz\u0103.<\/p>\n<p>Am scris sute de articole despre oamenii care muncesc din greu \u2013 mai ales despre cei care muncesc cu bra\u021bele \u0219i cu spatele, lu\u00e2ndu-le mereu ap\u0103rarea \u0219i ridic\u00e2ndu-mi \u00een cap o mul\u021bime de gulere albe \u0219i fe\u021be sub\u021biri. Acesta e unul dintre ele, cu cuvinte mai simple \u0219i mai clare, ca s\u0103 nu mai existe vreun dubiu: <a href=\"https:\/\/www.georgebutunoiu.com\/blog\/ai-avut-noroc-baaaa\/\">https:\/\/www.georgebutunoiu.com\/blog\/ai-avut-noroc-baaaa\/<\/a><\/p>\n<p>Cu ipocrizia obsesiv\u0103 a \u201epl\u0103\u021bii \u00een func\u021bie de performan\u021be\u201d, unde fiecare \u201ecalculeaz\u0103\u201d performan\u021ba dup\u0103 cum \u00eei convine lui, m\u0103 r\u0103zboiesc de zeci de ani. Chiar \u00een acest moment scriu un articol despre greva zilei, \u00een paralel cu cel de aici, ironic la adresa celor care sus\u021bin sus \u0219i tare c\u0103 profesorii ar trebui pl\u0103ti\u021bi \u201edup\u0103 rezultate \u0219i performan\u021be\u201d! De parc\u0103 vreunul dintre cei care vin cu astfel de solu\u021bii ar \u0219ti dac\u0103 chiar ar fi posibil s\u0103 faci un astfel de calcul, \u0218i dac\u0103 da, s\u0103 mai \u0219i scrie formulele \u0219i ecua\u021biile.<\/p>\n<p>Ca de fiecare dat\u0103, o mul\u021bime mare de exalta\u021bi \u2013 cu totul bine inten\u021biona\u021bi, nu am vreo \u00eendoial\u0103 \u00een aceast\u0103 privin\u021b\u0103 \u2013 dar care \u00een\u021beleg taman pe dos ce vreau s\u0103 spun, au s\u0103rit ca ar\u0219i, spun\u00e2nd c\u0103 i-am jignit pe cei din poz\u0103, \u0219i odat\u0103 cu cei doi \u0219i pe ei, cititorii care \u00eei ap\u0103r\u0103. Unii som\u00e2ndu-m\u0103 sau amenin\u021b\u00e2ndu-m\u0103 de-a dreptul cu Csaba Asztalos s\u0103 o \u0219terg \u0219i s\u0103-mi cer scuze public.<\/p>\n<p>Da, s-a intrat \u00eentr-o faz\u0103 a isteriei \u0219i \u021bicnelii generalizate, \u00een care toat\u0103 lumea ap\u0103r\u0103 pe toat\u0103 lumea \u00eempotriva tuturor. Adesea chiar \u00eempotriva voin\u021bei celor ap\u0103ra\u021bi. Dar asta nu are importan\u021b\u0103. \u0218i au \u0219i cum s\u0103 o fac\u0103, acum, cu Internetul \u0219i cu multiplicatorii de profesie.<\/p>\n<p>Da, desigur, e bine s\u0103 faci bine! Doar cu o mic\u0103 sugestie, dac\u0103 mi se permite: pe l\u00e2ng\u0103 bunele inten\u021bii, uneori e util s\u0103 mai fie ceva. Nu spun acum ce, ca s\u0103 nu fiu iar\u0103\u0219i acuzat de vreo discriminare. (<a href=\"http:\/\/www.propertyindex.ro\">George Butunoiu<\/a> \u2013 mai 2023)<\/p>\n<p>PS: femeii mele i-au pl\u0103cut \u0219i poza \u0219i cei doi, i se par optimi\u0219ti \u0219i sexy&#8230;<\/p>\n","protected":false},"excerpt":{"rendered":"<p>Am pus poza aceasta pe Internet. Mi-a pl\u0103cut cum a ie\u0219it \u0219i ce exprim\u0103. Cu toat\u0103 simpatia \u0219i solidaritatea pentru cei doi oameni care muncesc din greu, departe de femeile lor \u0219i de copii, ca s\u0103 poat\u0103 s\u0103 le trimit\u0103 c\u00e2\u021biva bani la sf\u00e2r\u0219itul lunii, \u0219i mica bucurie c\u0103 \u00eenc\u0103 mai au puterea s\u0103 z\u00e2mbeasc\u0103 [&hellip;]<\/p>\n","protected":false},"author":3,"featured_media":0,"comment_status":"open","ping_status":"open","sticky":false,"template":"","format":"standard","meta":{"_acf_changed":false,"footnotes":""},"categories":[1299],"tags":[],"yst_prominent_words":[1139,386,374,685],"class_list":["post-2571","post","type-post","status-publish","format-standard","hentry","category-discriminare"],"acf":{"cc_filter":[],"poza_fixa":"https:\/\/www.managero.ro\/articles\/wp-content\/uploads\/2020\/05\/Recrutorul.jpg","url_poza_fixa":"","format_poza_fixa":"full-img-4-3","oras":"","sector":"","zona":"","in_strainatate":false,"pian":false,"orga":false,"data1":1685272362,"data2":"","afiseaza_data_post":false,"acf_sala":"","centru_cultural":"","articole_parinte":"","articole_relationate":"","coordonate":false,"tab1_nume":"Despre","tab3":false,"tab5":false,"tab4":false},"yoast_head":"<!-- This site is optimized with the Yoast SEO Premium plugin v14.2 - https:\/\/yoast.com\/wordpress\/plugins\/seo\/ -->\n<meta name=\"description\" content=\"S-a intrat \u00eentr-o faz\u0103 a isteriei \u0219i \u021bicnelii generalizate, \u00een care toat\u0103 lumea ap\u0103r\u0103 pe toat\u0103 lumea \u00eempotriva tuturor. Adesea \u00eempotriva voin\u021bei celor...\" \/>\n<meta name=\"robots\" content=\"index, follow\" \/>\n<meta name=\"googlebot\" content=\"index, follow, max-snippet:-1, max-image-preview:large, max-video-preview:-1\" \/>\n<meta name=\"bingbot\" content=\"index, follow, max-snippet:-1, max-image-preview:large, max-video-preview:-1\" \/>\n<link rel=\"canonical\" href=\"https:\/\/www.managero.ro\/articles\/aveti-grija-pe-cine-aparati-de-cine\/\" \/>\n<meta property=\"og:locale\" content=\"en_US\" \/>\n<meta property=\"og:type\" content=\"article\" \/>\n<meta property=\"og:title\" content=\"Ave\u021bi grij\u0103 pe cine ap\u0103ra\u021bi de cine...\" \/>\n<meta property=\"og:description\" content=\"Da, s-a intrat \u00eentr-o faz\u0103 a isteriei \u0219i \u021bicnelii generalizate, \u00een care toat\u0103 lumea ap\u0103r\u0103 pe toat\u0103 lumea \u00eempotriva tuturor. Adesea chiar \u00eempotriva voin\u021bei celor ap\u0103ra\u021bi. Dar asta nu are importan\u021b\u0103. \u0218i au \u0219i cum s\u0103 o fac\u0103, acum, cu Internetul \u0219i cu multiplicatorii de profesie.\" \/>\n<meta property=\"og:url\" content=\"https:\/\/www.managero.ro\/articles\/aveti-grija-pe-cine-aparati-de-cine\/\" \/>\n<meta property=\"og:site_name\" content=\"Managero\" \/>\n<meta property=\"article:published_time\" content=\"2023-05-28T08:22:21+00:00\" \/>\n<meta property=\"og:image\" content=\"https:\/\/www.managero.ro\/articles\/wp-content\/uploads\/2023\/05\/Doi-oameni-care-muncesc-din-greu.jpg\" \/>\n\t<meta property=\"og:image:width\" content=\"736\" \/>\n\t<meta property=\"og:image:height\" content=\"477\" \/>\n<meta name=\"twitter:card\" content=\"summary_large_image\" \/>\n<script type=\"application\/ld+json\" class=\"yoast-schema-graph\">{\"@context\":\"https:\/\/schema.org\",\"@graph\":[{\"@type\":\"WebSite\",\"@id\":\"https:\/\/www.managero.ro\/articles\/#website\",\"url\":\"https:\/\/www.managero.ro\/articles\/\",\"name\":\"Managero\",\"description\":\"Online Management Recruitment\",\"potentialAction\":[{\"@type\":\"SearchAction\",\"target\":\"https:\/\/www.managero.ro\/articles\/?s={search_term_string}\",\"query-input\":\"required name=search_term_string\"}],\"inLanguage\":\"en-US\"},{\"@type\":\"ImageObject\",\"@id\":\"https:\/\/www.managero.ro\/articles\/aveti-grija-pe-cine-aparati-de-cine\/#primaryimage\",\"inLanguage\":\"en-US\",\"url\":\"https:\/\/www.managero.ro\/articles\/wp-content\/uploads\/2023\/05\/Doi-oameni-care-muncesc-din-greu.jpg\",\"width\":736,\"height\":477,\"caption\":\"Doi oameni care muncesc din greu\"},{\"@type\":\"WebPage\",\"@id\":\"https:\/\/www.managero.ro\/articles\/aveti-grija-pe-cine-aparati-de-cine\/#webpage\",\"url\":\"https:\/\/www.managero.ro\/articles\/aveti-grija-pe-cine-aparati-de-cine\/\",\"name\":\"Ave\\u021bi grij\\u0103 pe cine ap\\u0103ra\\u021bi de cine - George Butunoiu\",\"isPartOf\":{\"@id\":\"https:\/\/www.managero.ro\/articles\/#website\"},\"primaryImageOfPage\":{\"@id\":\"https:\/\/www.managero.ro\/articles\/aveti-grija-pe-cine-aparati-de-cine\/#primaryimage\"},\"datePublished\":\"2023-05-28T08:22:21+00:00\",\"dateModified\":\"2023-05-28T08:22:21+00:00\",\"author\":{\"@id\":\"https:\/\/www.managero.ro\/articles\/#\/schema\/person\/e9fb87189259feccc7ec8d3e553a551c\"},\"description\":\"S-a intrat \\u00eentr-o faz\\u0103 a isteriei \\u0219i \\u021bicnelii generalizate, \\u00een care toat\\u0103 lumea ap\\u0103r\\u0103 pe toat\\u0103 lumea \\u00eempotriva tuturor. Adesea \\u00eempotriva voin\\u021bei celor...\",\"inLanguage\":\"en-US\",\"potentialAction\":[{\"@type\":\"ReadAction\",\"target\":[\"https:\/\/www.managero.ro\/articles\/aveti-grija-pe-cine-aparati-de-cine\/\"]}]},{\"@type\":[\"Person\"],\"@id\":\"https:\/\/www.managero.ro\/articles\/#\/schema\/person\/e9fb87189259feccc7ec8d3e553a551c\",\"name\":\"George Butunoiu\",\"image\":{\"@type\":\"ImageObject\",\"@id\":\"https:\/\/www.managero.ro\/articles\/#personlogo\",\"inLanguage\":\"en-US\",\"url\":\"https:\/\/secure.gravatar.com\/avatar\/89c187ed2ae04eb93934b0547ec74260f4916e9e6d474dc9fc60e42c6f3533f1?s=96&d=mm&r=g\",\"caption\":\"George Butunoiu\"}}]}<\/script>\n<!-- \/ Yoast SEO Premium plugin. -->","_links":{"self":[{"href":"https:\/\/www.managero.ro\/articles\/wp-json\/wp\/v2\/posts\/2571","targetHints":{"allow":["GET"]}}],"collection":[{"href":"https:\/\/www.managero.ro\/articles\/wp-json\/wp\/v2\/posts"}],"about":[{"href":"https:\/\/www.managero.ro\/articles\/wp-json\/wp\/v2\/types\/post"}],"author":[{"embeddable":true,"href":"https:\/\/www.managero.ro\/articles\/wp-json\/wp\/v2\/users\/3"}],"replies":[{"embeddable":true,"href":"https:\/\/www.managero.ro\/articles\/wp-json\/wp\/v2\/comments?post=2571"}],"version-history":[{"count":1,"href":"https:\/\/www.managero.ro\/articles\/wp-json\/wp\/v2\/posts\/2571\/revisions"}],"predecessor-version":[{"id":2573,"href":"https:\/\/www.managero.ro\/articles\/wp-json\/wp\/v2\/posts\/2571\/revisions\/2573"}],"wp:attachment":[{"href":"https:\/\/www.managero.ro\/articles\/wp-json\/wp\/v2\/media?parent=2571"}],"wp:term":[{"taxonomy":"category","embeddable":true,"href":"https:\/\/www.managero.ro\/articles\/wp-json\/wp\/v2\/categories?post=2571"},{"taxonomy":"post_tag","embeddable":true,"href":"https:\/\/www.managero.ro\/articles\/wp-json\/wp\/v2\/tags?post=2571"},{"taxonomy":"yst_prominent_words","embeddable":true,"href":"https:\/\/www.managero.ro\/articles\/wp-json\/wp\/v2\/yst_prominent_words?post=2571"}],"curies":[{"name":"wp","href":"https:\/\/api.w.org\/{rel}","templated":true}]}}